{"id":116557,"date":"2024-01-06T15:54:15","date_gmt":"2024-01-06T18:54:15","guid":{"rendered":"https:\/\/corrientesdetarde.com\/?p=116557"},"modified":"2024-01-06T15:54:27","modified_gmt":"2024-01-06T18:54:27","slug":"el-peronismo-busca-reorganizarse-con-la-cgt-los-gobernadores-y-el-congreso-como-pilares","status":"publish","type":"post","link":"https:\/\/corrientesdetarde.com\/index.php\/politica\/el-peronismo-busca-reorganizarse-con-la-cgt-los-gobernadores-y-el-congreso-como-pilares\/","title":{"rendered":"El peronismo busca reorganizarse con la CGT, los gobernadores y el Congreso como pilares"},"content":{"rendered":"\n<p>El peronismo dio en los \u00faltimos d\u00edas se\u00f1ales de comenzar un proceso de organizaci\u00f3n interna, tras la derrota electoral sufrida en el balotaje de noviembre \u00faltimo, que parece apoyarse en la CGT, que convoc\u00f3 a una huelga para el 24 de enero pr\u00f3ximo; en algunos de sus gobernadores, cr\u00edticos de la gesti\u00f3n presidencial de Javier Milei; y sus bloques de legisladores en Diputados y el Senado, que plantean su oposici\u00f3n en el Congreso a las reformas estructurales presentadas por el Gobierno nacional.<br>&#8220;El peronismo va a encontrar su salida estando cerca de la gente&#8221;, expres\u00f3 esta semana Gabriel Katopodis, ministro de Infraestructura y Servicios P\u00fablicos bonaerense y exministro de Obras P\u00fablicas durante la presidencia de Alberto Fern\u00e1ndez.<br>Katopodis fue durante la campa\u00f1a presidencial de Sergio Massa, el candidato de Uni\u00f3n por la Patria (UxP) en las elecciones nacionales pasadas, acaso el dirigente del peronismo que m\u00e1s cerca estuvo los votantes, poni\u00e9ndose al frente de asambleas callejeras, subi\u00e9ndose a colectivos y recorriendo barrios populares.<br>Un primer acercamiento que, seg\u00fan Katopodis, debe volver a tener el peronismo con la poblaci\u00f3n podr\u00eda darse cuando la CGT, junto a otras centrales sindicales y organizaciones sociales, se movilice al Congreso el 24 de enero con motivo de una huelga convocada tras una manifestaci\u00f3n llevada a cabo frente a los Tribunales porte\u00f1os.<br>La protesta anunciada por la central obrera debe reunir &#8220;a los trabajadores que sienten&#8221; que en el primer mes de gesti\u00f3n de Milei &#8220;perdieron algo que ten\u00edan&#8221;, dijo Katopodis en referencia a la ca\u00edda del poder adquisitivo sufrida producto de la devaluaci\u00f3n de 120% del peso frente al d\u00f3lar, los aumentos de los precios de los alimentos y los combustibles, la quita de subsidios a los servicios p\u00fablicos, la derogaci\u00f3n por decreto de la ley de alquileres y los incrementos en las cuotas de la medicina privada.<br>La CGT obtuvo esta semana una victoria judicial cuando la C\u00e1mara Nacional del Trabajo dict\u00f3 una medida cautelar que suspende la aplicaci\u00f3n del cap\u00edtulo laboral del Decreto de Necesidad y Urgencia (DNU) dictado por Milei el 20 de diciembre \u00faltimo.<br>La medida judicial puso en suspenso la &#8220;aplicabilidad&#8221; del DNU 70\/2023 hasta tanto no surja una &#8220;sentencia definitiva sobre la cuesti\u00f3n de fondo&#8221;, la inconstitucionalidad de la medida, tal como lo plante\u00f3 la central obrera en el recurso cuya presentaci\u00f3n fue acompa\u00f1ada por la manifestaci\u00f3n sindical frente a Tribunales.<br>La movilizaci\u00f3n del 24 de enero &#8220;va a ser mucho m\u00e1s contundente&#8221; que la que colm\u00f3 la Plaza Lavalle, anunci\u00f3 Carlos Acu\u00f1a, uno de los tres gremialistas que conducen a la CGT. Y aventur\u00f3: &#8220;No me sorprender\u00eda para nada (que haya) un mill\u00f3n de trabajadores en la calle defendiendo los derechos como corresponde&#8221;.<br>La manifestaci\u00f3n llevada a cabo frente a los Tribunales, que por momentos sobrepas\u00f3 los controles polic\u00edas establecidos por la ministra de Seguridad, Patricia Bullrich, en el llamado protocolo de orden p\u00fablico, convoc\u00f3 a varios miles de trabajadores, pero a pocos dirigentes pol\u00edticos del peronismo.<br>&#8220;\u00bfD\u00f3nde est\u00e1n nuestros dirigentes? \u00bfD\u00f3nde est\u00e1 el presidente del PJ, expresidente de la Naci\u00f3n (Alberto Fern\u00e1ndez)? \u00bfD\u00f3nde est\u00e1 nuestro candidato, que yo vot\u00e9, Sergio Massa? \u00bfD\u00f3nde est\u00e1n senadores y diputados que tienen que venir a poner la cara?&#8221;, pregunt\u00f3 enf\u00e1ticamente ante la prensa el referente de la agrupaci\u00f3n Patria Grande Juan Grabois , durante la concertaci\u00f3n realizada el pasado 27 de diciembreen la Plaza Lavalle porte\u00f1a.<br>Grabois, que compiti\u00f3 y perdi\u00f3 en la PASO de UxP ante Massa, exigi\u00f3 que &#8220;toda la dirigencia&#8221; partidaria del peronismo pusiera &#8220;la cara junto al pueblo, porque despu\u00e9s el cuerpo, la sangre y el dolor lo ponen los trabajadores y los pobres&#8221;, agreg\u00f3 el dirigente social ese d\u00eda.<br>En una misma l\u00ednea, Katopodis evalu\u00f3 que el peronismo tendr\u00e1 que organizarse para desempe\u00f1ar el rol de oposici\u00f3n al modelo de gobierno que propone Milei, y cit\u00f3 que uno de quienes expuso sus opiniones en este \u00faltimo mes fue Axel Kicillof, &#8220;demostrando&#8221; con su gobierno en la provincia de Buenos Aires &#8220;que se pueden hacer las cosas de forma diferente&#8221; al Ejecutivo nacional.<br>&#8220;La provincia de Buenos Aires repudia tanto el contenido como la metodolog\u00eda para generar el proyecto de ley. Analizamos los efectos en las diferentes partes de la cadena de producci\u00f3n y, en una palabra, es nefasto&#8221;, evalu\u00f3 Kicillof esta semana durante una reuni\u00f3n que tuvo con representantes de los sectores pesquero y naviero en Mar del Plata.<br>No fue el \u00fanico gobernador en contra de las reformas econ\u00f3micas y pol\u00edticas impulsadas por Milei. El peronista riojano Ricardo Quintela fue el primero en recurrir a la Corte Suprema de Justicia con un recurso legal para suspender los efectos del DNU 70\/2023.<br>Quintela inst\u00f3 a la dirigencia peronista a &#8220;reflexionar y hacer una amnist\u00eda para que todos vuelvan a la discusi\u00f3n&#8221; interna porque, asegur\u00f3, &#8220;lo que se viene&#8221; en la Argentina &#8220;va a ser complejo&#8221;.<br>Y para enfrentar esa complejidad pol\u00edtica, social y econ\u00f3mica el PJ necesita &#8220;consolidar una mesa amplia para resistir&#8221;, reiter\u00f3 Quintela.<br>El Consejo Nacional del PJ todav\u00eda es presidido por el exmandatario Alberto Fern\u00e1ndez, quien se traslad\u00f3 a Madrid para pasar las fiestas de fin de a\u00f1o con su familia y que anticip\u00f3 que, a su regreso, trabajar\u00e1 &#8220;en unidad&#8221; con los referentes del partido.<br>El mandato de Fern\u00e1ndez finaliza en abril de 2025 y, seg\u00fan trascendi\u00f3, su intenci\u00f3n es permanecer en ese cargo hasta el cumplimiento de ese per\u00edodo, algo que parece no tener aceptaci\u00f3n en la mayor\u00eda de la dirigencia partidaria.<br>En el Congreso Nacional, donde se analizar\u00e1n la validez del DNU y los m\u00e1s de 600 proyectos incluidos en la llamada Ley \u00d3mnibus, los bloques de senadores y diputados del peronismo dise\u00f1an una estrategia com\u00fan para evitar la aprobaci\u00f3n de ambas normativas, algunas de las cuales son rechazadas por una parte de la poblaci\u00f3n que esta semana volvi\u00f3 a manifestarse haciendo sonar sus cacerolas en distintas ciudades y localidades del pa\u00eds.<\/p>\n","protected":false},"excerpt":{"rendered":"<p>El peronismo dio en los \u00faltimos d\u00edas se\u00f1ales de comenzar un proceso de organizaci\u00f3n interna, tras la derrota electoral sufrida en el balotaje de noviembre \u00faltimo, que parece apoyarse en&hellip; <\/p>\n","protected":false},"author":11,"featured_media":116558,"comment_status":"closed","ping_status":"open","sticky":false,"template":"","format":"standard","meta":{"footnotes":""},"categories":[10,3],"tags":[1424,284,1425,336,1423,418],"class_list":["post-116557","post","type-post","status-publish","format-standard","has-post-thumbnail","hentry","category-nacionales","category-politica","tag-acuerdos","tag-cgt","tag-la-campora","tag-milei","tag-oposicion","tag-peronismo"],"_links":{"self":[{"href":"https:\/\/corrientesdetarde.com\/index.php\/wp-json\/wp\/v2\/posts\/116557","targetHints":{"allow":["GET"]}}],"collection":[{"href":"https:\/\/corrientesdetarde.com\/index.php\/wp-json\/wp\/v2\/posts"}],"about":[{"href":"https:\/\/corrientesdetarde.com\/index.php\/wp-json\/wp\/v2\/types\/post"}],"author":[{"embeddable":true,"href":"https:\/\/corrientesdetarde.com\/index.php\/wp-json\/wp\/v2\/users\/11"}],"replies":[{"embeddable":true,"href":"https:\/\/corrientesdetarde.com\/index.php\/wp-json\/wp\/v2\/comments?post=116557"}],"version-history":[{"count":1,"href":"https:\/\/corrientesdetarde.com\/index.php\/wp-json\/wp\/v2\/posts\/116557\/revisions"}],"predecessor-version":[{"id":116559,"href":"https:\/\/corrientesdetarde.com\/index.php\/wp-json\/wp\/v2\/posts\/116557\/revisions\/116559"}],"wp:featuredmedia":[{"embeddable":true,"href":"https:\/\/corrientesdetarde.com\/index.php\/wp-json\/wp\/v2\/media\/116558"}],"wp:attachment":[{"href":"https:\/\/corrientesdetarde.com\/index.php\/wp-json\/wp\/v2\/media?parent=116557"}],"wp:term":[{"taxonomy":"category","embeddable":true,"href":"https:\/\/corrientesdetarde.com\/index.php\/wp-json\/wp\/v2\/categories?post=116557"},{"taxonomy":"post_tag","embeddable":true,"href":"https:\/\/corrientesdetarde.com\/index.php\/wp-json\/wp\/v2\/tags?post=116557"}],"curies":[{"name":"wp","href":"https:\/\/api.w.org\/{rel}","templated":true}]}}