{"id":116651,"date":"2024-01-07T14:46:14","date_gmt":"2024-01-07T17:46:14","guid":{"rendered":"https:\/\/corrientesdetarde.com\/?p=116651"},"modified":"2024-01-07T14:46:39","modified_gmt":"2024-01-07T17:46:39","slug":"golpiza-en-el-boliche-prision-preventiva-y-cambio-de-caratula-para-las-agresoras","status":"publish","type":"post","link":"https:\/\/corrientesdetarde.com\/index.php\/policiales\/golpiza-en-el-boliche-prision-preventiva-y-cambio-de-caratula-para-las-agresoras\/","title":{"rendered":"Golpiza en el boliche: prisi\u00f3n preventiva y cambio de car\u00e1tula para las agresoras"},"content":{"rendered":"\n<p>La Polic\u00eda de Corrientes inform\u00f3 este domingo que dictaron prisi\u00f3n preventiva a las mujeres acusadas de la brutal golpiza en un boliche. Adem\u00e1s cambiaron la car\u00e1tula de la causa a tentativa de homicidio.&nbsp;<\/p>\n\n\n\n<p>Las agresoras hab\u00edan sido identificadas gracias a la viralizaci\u00f3n de las im\u00e1genes &nbsp;por las redes sociales y el aporte de la comunidad virtual.<\/p>\n\n\n\n<p>En los \u00faltimos d\u00edas se presentaron a declarar y quedaron a disposici\u00f3n de la justicia, en la Comisar\u00eda de la Mujer y el Menor N\u00b0 1.<\/p>\n\n\n\n<p>Seg\u00fan la informaci\u00f3n oficial, s<strong>e dict\u00f3 prisi\u00f3n preventiva por 120 d\u00edas y en la ma\u00f1ana de este domingo&nbsp;fueron alojadas en el Instituto Pelletier.&nbsp;<\/strong><\/p>\n\n\n\n<p>Cabe destacar que el cambio de car\u00e1tula pas\u00f3&nbsp;a ser por &#8220;tentativa de homicidio&#8221;.<\/p>\n\n\n\n<p><strong>El caso<\/strong><\/p>\n\n\n\n<p>La v\u00edctima sufri\u00f3 cortes en la zona del cuello a causa de la rotura de una botella y fue llevada de urgencia al hospital, donde los m\u00e9dicos constataron que las lesiones no eran de gravedad. Tras contener la hemorragia y constatar que no hab\u00eda lesiones que pusieran en riesgo su vida, le dieron el alta.<\/p>\n\n\n\n<p>En los videos que se viralizaron, se ve cuando dos j\u00f3venes arrojaron botellas contra la v\u00edctima cuando se halla tirada en el piso, boca abajo. Uno de los proyectiles pas\u00f3 a cent\u00edmetros de la cabeza y se hizo a\u00f1icos en el piso, pero el segundo, que fue lanzado por una chica de short negro y top amarillo, impact\u00f3 en la mujer, que fue sacada del lugar por los patovicas en medio de los j\u00f3venes que siguieron bailando como si todo fuera parte de la misma fiesta.<\/p>\n\n\n\n<p>Cabe recordar que el hecho se produjo en la ma\u00f1ana del lunes cuando una muchedumbre todav\u00eda estaba en el boliche ubicado sobre la calle Lamadrid, casi avenida Juan Pablo II. Hasta ese momento todo hab\u00eda transcurrido dentro de los carriles de la normalidad, pero en forma imprevista, dos mujeres comenzaron a pelear por motivos que todav\u00eda no est\u00e1n claros.<\/p>\n","protected":false},"excerpt":{"rendered":"<p>La Polic\u00eda de Corrientes inform\u00f3 este domingo que dictaron prisi\u00f3n preventiva a las mujeres acusadas de la brutal golpiza en un boliche. Adem\u00e1s cambiaron la car\u00e1tula de la causa a&hellip; <\/p>\n","protected":false},"author":1,"featured_media":116657,"comment_status":"closed","ping_status":"open","sticky":false,"template":"","format":"standard","meta":{"footnotes":""},"categories":[33],"tags":[],"class_list":["post-116651","post","type-post","status-publish","format-standard","has-post-thumbnail","hentry","category-policiales"],"_links":{"self":[{"href":"https:\/\/corrientesdetarde.com\/index.php\/wp-json\/wp\/v2\/posts\/116651","targetHints":{"allow":["GET"]}}],"collection":[{"href":"https:\/\/corrientesdetarde.com\/index.php\/wp-json\/wp\/v2\/posts"}],"about":[{"href":"https:\/\/corrientesdetarde.com\/index.php\/wp-json\/wp\/v2\/types\/post"}],"author":[{"embeddable":true,"href":"https:\/\/corrientesdetarde.com\/index.php\/wp-json\/wp\/v2\/users\/1"}],"replies":[{"embeddable":true,"href":"https:\/\/corrientesdetarde.com\/index.php\/wp-json\/wp\/v2\/comments?post=116651"}],"version-history":[{"count":1,"href":"https:\/\/corrientesdetarde.com\/index.php\/wp-json\/wp\/v2\/posts\/116651\/revisions"}],"predecessor-version":[{"id":116658,"href":"https:\/\/corrientesdetarde.com\/index.php\/wp-json\/wp\/v2\/posts\/116651\/revisions\/116658"}],"wp:featuredmedia":[{"embeddable":true,"href":"https:\/\/corrientesdetarde.com\/index.php\/wp-json\/wp\/v2\/media\/116657"}],"wp:attachment":[{"href":"https:\/\/corrientesdetarde.com\/index.php\/wp-json\/wp\/v2\/media?parent=116651"}],"wp:term":[{"taxonomy":"category","embeddable":true,"href":"https:\/\/corrientesdetarde.com\/index.php\/wp-json\/wp\/v2\/categories?post=116651"},{"taxonomy":"post_tag","embeddable":true,"href":"https:\/\/corrientesdetarde.com\/index.php\/wp-json\/wp\/v2\/tags?post=116651"}],"curies":[{"name":"wp","href":"https:\/\/api.w.org\/{rel}","templated":true}]}}