{"id":116653,"date":"2024-01-07T14:43:30","date_gmt":"2024-01-07T17:43:30","guid":{"rendered":"https:\/\/corrientesdetarde.com\/?p=116653"},"modified":"2024-01-07T14:43:36","modified_gmt":"2024-01-07T17:43:36","slug":"tragedia-asesino-de-un-disparo-en-la-cabeza-a-su-novia-de-15-anos","status":"publish","type":"post","link":"https:\/\/corrientesdetarde.com\/index.php\/crimen-y-justicia\/tragedia-asesino-de-un-disparo-en-la-cabeza-a-su-novia-de-15-anos\/","title":{"rendered":"tragedia:\u00a0asesin\u00f3 de un disparo en la cabeza a su novia de 15 a\u00f1os"},"content":{"rendered":"\n<p>Un femicidio conmociona a Chaco. Una adolescente de 15 a\u00f1os fue asesinada de un disparo en la cabeza y el principal sospechoso del crimen es su novio, de 20, permanece en estado cr\u00edtico luego den intentar quitarse la vida.<\/p>\n\n\n\n<p>&nbsp;El hecho ocurri\u00f3 en la ma\u00f1ana de este domingo en una vivienda ubicada en la Calle 4, de la localidad de General Pinedo. La v\u00edctima fue identificada como Jenifer Obreg\u00f3n, que al momento del crimen se encontraba junto a Rodrigo Ren\u00e9 R\u00edos, su pareja.<\/p>\n\n\n\n<p>Por motivos que a\u00fan est\u00e1n siendo investigados, el joven le dispar\u00f3 en la cabeza a su novia y le provoc\u00f3 la muerte en el acto. Tras ello, intent\u00f3 quitarse la vida.<\/p>\n\n\n\n<p>Luego de un llamado al 911, efectivos de la comisar\u00eda local y del Servicio de Emergencias se dirigieron al lugar. All\u00ed encontraron a Jenifer en una cama en posici\u00f3n de cubito ventral, con una herida en la cabeza y sin signos vitales.<\/p>\n\n\n\n<p>Junto a ella estaba el atacante, quien debi\u00f3 ser trasladado de inmediato al hospital local en una ambulancia y bajo la custodia policial.<\/p>\n\n\n\n<p>Cuando los peritos requisaron la habitaci\u00f3n donde ocurri\u00f3 el crimen encontraron debajo de la cama un arma de fuego tipo rev\u00f3lver, de calibre 32 largo, seg\u00fan inform\u00f3 el medio local Diario Chaco.<\/p>\n\n\n\n<p>Al momento en el que los efectivos llegaron al lugar, familiares de la v\u00edctima estaban presentes en la casa generando disturbios con la familia del agresor.<\/p>\n\n\n\n<p>&#8220;Todav\u00eda no entiendo por qu\u00e9 ese gil te arrebat\u00f3 la vida&#8221;, escribi\u00f3 en un sentido posteo la hermana de la menor. &#8220;Siempre vas a estar en mi coraz\u00f3n, hermanita m\u00eda, te voy a extra\u00f1ar&#8221;, public\u00f3 su hermano junto a una foto de ella.<\/p>\n","protected":false},"excerpt":{"rendered":"<p>Un femicidio conmociona a Chaco. Una adolescente de 15 a\u00f1os fue asesinada de un disparo en la cabeza y el principal sospechoso del crimen es su novio, de 20, permanece&hellip; <\/p>\n","protected":false},"author":1,"featured_media":116655,"comment_status":"closed","ping_status":"open","sticky":false,"template":"","format":"standard","meta":{"footnotes":""},"categories":[5],"tags":[],"class_list":["post-116653","post","type-post","status-publish","format-standard","has-post-thumbnail","hentry","category-crimen-y-justicia"],"_links":{"self":[{"href":"https:\/\/corrientesdetarde.com\/index.php\/wp-json\/wp\/v2\/posts\/116653","targetHints":{"allow":["GET"]}}],"collection":[{"href":"https:\/\/corrientesdetarde.com\/index.php\/wp-json\/wp\/v2\/posts"}],"about":[{"href":"https:\/\/corrientesdetarde.com\/index.php\/wp-json\/wp\/v2\/types\/post"}],"author":[{"embeddable":true,"href":"https:\/\/corrientesdetarde.com\/index.php\/wp-json\/wp\/v2\/users\/1"}],"replies":[{"embeddable":true,"href":"https:\/\/corrientesdetarde.com\/index.php\/wp-json\/wp\/v2\/comments?post=116653"}],"version-history":[{"count":1,"href":"https:\/\/corrientesdetarde.com\/index.php\/wp-json\/wp\/v2\/posts\/116653\/revisions"}],"predecessor-version":[{"id":116656,"href":"https:\/\/corrientesdetarde.com\/index.php\/wp-json\/wp\/v2\/posts\/116653\/revisions\/116656"}],"wp:featuredmedia":[{"embeddable":true,"href":"https:\/\/corrientesdetarde.com\/index.php\/wp-json\/wp\/v2\/media\/116655"}],"wp:attachment":[{"href":"https:\/\/corrientesdetarde.com\/index.php\/wp-json\/wp\/v2\/media?parent=116653"}],"wp:term":[{"taxonomy":"category","embeddable":true,"href":"https:\/\/corrientesdetarde.com\/index.php\/wp-json\/wp\/v2\/categories?post=116653"},{"taxonomy":"post_tag","embeddable":true,"href":"https:\/\/corrientesdetarde.com\/index.php\/wp-json\/wp\/v2\/tags?post=116653"}],"curies":[{"name":"wp","href":"https:\/\/api.w.org\/{rel}","templated":true}]}}