{"id":116665,"date":"2024-01-07T18:21:33","date_gmt":"2024-01-07T21:21:33","guid":{"rendered":"https:\/\/corrientesdetarde.com\/?p=116665"},"modified":"2024-01-07T18:21:37","modified_gmt":"2024-01-07T21:21:37","slug":"un-piloto-del-dakar-se-cayo-de-su-moto-y-tuvo-que-ser-reanimado","status":"publish","type":"post","link":"https:\/\/corrientesdetarde.com\/index.php\/deportes\/un-piloto-del-dakar-se-cayo-de-su-moto-y-tuvo-que-ser-reanimado\/","title":{"rendered":"Un piloto del Dakar se cay\u00f3 de su moto y tuvo que ser reanimado."},"content":{"rendered":"\n<h2 class=\"wp-block-heading\">Se trata del espa\u00f1ol Carles Falc\u00f3n, del equipo Twintrail Racing Team. Sufri\u00f3 un edema cerebral y una fractura de la v\u00e9rtebra C2, por lo que ser\u00e1 operado de urgencia.<\/h2>\n\n\n\n<p>El espa\u00f1ol<strong>\u00a0Carlos Falc\u00f3n\u00a0<\/strong>tuvo que ser reanimado este domingo tras sufrir una ca\u00edda de la moto con la que compet\u00eda en el\u00a0<strong>Dakar 2024<\/strong>. Por el momento permanece internado, en coma inducido.<\/p>\n\n\n\n<p>Falc\u00f3n, que pertenece al equipo Twintrail Racing Team\u00a0<strong>sufri\u00f3 un edema cerebral y la fractura de la v\u00e9rtebra C2<\/strong>, por lo que ser\u00e1 operado de urgencia.<\/p>\n\n\n\n<p>La agencia&nbsp;<em>EFE&nbsp;<\/em>inform\u00f3 que, seg\u00fan sus fuentes,&nbsp;<strong>las perspectivas de recuperaci\u00f3n del espa\u00f1ol \u201cson inciertas a estas alturas\u201d<\/strong>. En tanto que el director del Dakar, David Castera, evit\u00f3 confirmar si ya no se tem\u00eda por la vida del piloto. \u201cHay que esperar un poco m\u00e1s\u201d, dijo.<\/p>\n\n\n\n<p>Esta era la segunda vez que Falc\u00f3n participaba del Dakar. Tras la ca\u00edda que sufri\u00f3,&nbsp;<strong>debi\u00f3 ser reanimado ya que estaba inconsciente y sin pulso.&nbsp;<\/strong>Posteriormente fue trasladado en helic\u00f3ptero hasta el hospital de Al Duwadimi, donde le realizaron los primeros controles.<\/p>\n\n\n\n<figure class=\"wp-block-image\"><img decoding=\"async\" src=\"https:\/\/tn.com.ar\/resizer\/7f5HS00jDQAbEi9pQKCcu1fZO9M=\/767x0\/smart\/filters:format(webp)\/cloudfront-us-east-1.images.arcpublishing.com\/artear\/PFZRTDJGTZHT3FMH5Z3SH7LJCE.jpg\" alt=\"Carles Falc\u00f3n y su compa\u00f1ero de equipo, en una prueba t\u00e9cnica antes del comienzo del Dakar 2024 (Foto: Instagram\/@cfalconb)\"\/><figcaption>Carles Falc\u00f3n y su compa\u00f1ero de equipo, en una prueba t\u00e9cnica antes del comienzo del Dakar 2024 (Foto: Instagram\/@cfalconb)<\/figcaption><\/figure>\n\n\n\n<p>Twintrail Racing Team explic\u00f3 que el espa\u00f1ol ser\u00e1 trasladado al hospital de Riad, Arabia Saudita. All\u00ed ser\u00e1 operado y permanecer\u00e1 sedado.<\/p>\n\n\n\n<p>El equipo, adem\u00e1s, tom\u00f3 la decisi\u00f3n de retirar de la competencia a su otro corredor, Isaac Feliu.<\/p>\n\n\n\n<h2 class=\"wp-block-heading\">Otro accidente en el Dakar 2024<\/h2>\n\n\n\n<p>Este domingo tambi\u00e9n se conoci\u00f3 la noticia de que&nbsp;<strong>el piloto franc\u00e9s, Lionel Baud, atropell\u00f3 a un espectador&nbsp;<\/strong>que se encontraba fuera de los l\u00edmites dispuestos por la organizaci\u00f3n de la competencia.<\/p>\n\n\n\n<p>La persona arrollada es un turista ruso que sufri\u00f3 una fractura de tibia y peron\u00e9 por el impacto. Inmediatamente fue trasladado a un hospital y se espera que se resuelvan algunas cuestiones vinculadas a su pasaporte para poder operarlo.<\/p>\n\n\n\n<p><\/p>\n\n\n\n<p><em>Fuente: Todo Noticias.<\/em><\/p>\n","protected":false},"excerpt":{"rendered":"<p>Se trata del espa\u00f1ol Carles Falc\u00f3n, del equipo Twintrail Racing Team. Sufri\u00f3 un edema cerebral y una fractura de la v\u00e9rtebra C2, por lo que ser\u00e1 operado de urgencia. El&hellip; <\/p>\n","protected":false},"author":6,"featured_media":116667,"comment_status":"closed","ping_status":"open","sticky":false,"template":"","format":"standard","meta":{"footnotes":""},"categories":[4],"tags":[],"class_list":["post-116665","post","type-post","status-publish","format-standard","has-post-thumbnail","hentry","category-deportes"],"_links":{"self":[{"href":"https:\/\/corrientesdetarde.com\/index.php\/wp-json\/wp\/v2\/posts\/116665","targetHints":{"allow":["GET"]}}],"collection":[{"href":"https:\/\/corrientesdetarde.com\/index.php\/wp-json\/wp\/v2\/posts"}],"about":[{"href":"https:\/\/corrientesdetarde.com\/index.php\/wp-json\/wp\/v2\/types\/post"}],"author":[{"embeddable":true,"href":"https:\/\/corrientesdetarde.com\/index.php\/wp-json\/wp\/v2\/users\/6"}],"replies":[{"embeddable":true,"href":"https:\/\/corrientesdetarde.com\/index.php\/wp-json\/wp\/v2\/comments?post=116665"}],"version-history":[{"count":1,"href":"https:\/\/corrientesdetarde.com\/index.php\/wp-json\/wp\/v2\/posts\/116665\/revisions"}],"predecessor-version":[{"id":116668,"href":"https:\/\/corrientesdetarde.com\/index.php\/wp-json\/wp\/v2\/posts\/116665\/revisions\/116668"}],"wp:featuredmedia":[{"embeddable":true,"href":"https:\/\/corrientesdetarde.com\/index.php\/wp-json\/wp\/v2\/media\/116667"}],"wp:attachment":[{"href":"https:\/\/corrientesdetarde.com\/index.php\/wp-json\/wp\/v2\/media?parent=116665"}],"wp:term":[{"taxonomy":"category","embeddable":true,"href":"https:\/\/corrientesdetarde.com\/index.php\/wp-json\/wp\/v2\/categories?post=116665"},{"taxonomy":"post_tag","embeddable":true,"href":"https:\/\/corrientesdetarde.com\/index.php\/wp-json\/wp\/v2\/tags?post=116665"}],"curies":[{"name":"wp","href":"https:\/\/api.w.org\/{rel}","templated":true}]}}