{"id":116673,"date":"2024-01-07T18:49:28","date_gmt":"2024-01-07T21:49:28","guid":{"rendered":"https:\/\/corrientesdetarde.com\/?p=116673"},"modified":"2024-01-07T18:49:33","modified_gmt":"2024-01-07T21:49:33","slug":"paraguay-ante-la-circulacion-de-dengue-y-covid-19-decretaron-alerta-sanitaria","status":"publish","type":"post","link":"https:\/\/corrientesdetarde.com\/index.php\/internacionales\/paraguay-ante-la-circulacion-de-dengue-y-covid-19-decretaron-alerta-sanitaria\/","title":{"rendered":"Paraguay: ante la circulaci\u00f3n de Dengue y Covid-19 decretaron alerta sanitaria."},"content":{"rendered":"\n<h2 class=\"wp-block-heading\">Paraguay amaneci\u00f3 hoy en alerta sanitaria decretada por las autoridades ante la circulaci\u00f3n combinada de dengue y Covid-19, enfermedades que tambi\u00e9n coinciden de forma simult\u00e1nea en un mismo paciente.<\/h2>\n\n\n\n<p>La aparici\u00f3n conjunta de ambos padecimientos en todo el pa\u00eds&nbsp;<strong>cobr\u00f3 ya los primeros cuatro fallecidos<\/strong>&nbsp;y prolifera en los distintos sectores poblacionales,&nbsp;<strong>sobre todo entre ni\u00f1os y adolescentes<\/strong>, informa un parte del Ministerio de Salud citado por el diario HOY.<\/p>\n\n\n\n<p>Especialistas de esa cartera advirtieron sobre la peligrosidad de esa acci\u00f3n conjunta de la enfermedad arboviral (transmitida por mosquitos) y la Covid-19, a la cual ya califican con los t\u00e9rminos<strong>&nbsp;&#8220;coinfecci\u00f3n&#8221;, &#8220;cocirculaci\u00f3n&#8221; y &#8220;Covidengue&#8221;.<\/strong><\/p>\n\n\n\n<p>La situaci\u00f3n es peor \u2013coinciden- ante la confusi\u00f3n por la coincidencia de s\u00edntomas comunes a las dos enfermedades como&nbsp;<strong>fiebre alta y dolor de cabeza<\/strong>, por lo que las autoridades llaman a los enfermos no automedicarse y acudir de inmediato a los centros de salud para determinar el origen de su malestar.<\/p>\n\n\n\n<p>El llamado de alerta del Ministerio de Salud requiere de la evaluaci\u00f3n individual de cada una de las dos enfermedades, que,&nbsp;<strong>en el caso del dengue, puede ser una infecci\u00f3n asintom\u00e1tica o con s\u00edntomas de fiebre moderada a elevada, cefalea, dolor retroocular, y exantema.<\/strong><\/p>\n\n\n\n<p>La Direcci\u00f3n de Vigilancia de la Salud detect\u00f3 hace varias semanas el aumento en el n\u00famero de consultas por enfermedades tipo influenza y hospitalizados por infecciones respiratorias agudas graves, junto a<strong>&nbsp;un incremento en la actividad del Covid-19.<\/strong><\/p>\n\n\n\n<p>Esa instancia recomend\u00f3 frente a esa enfermedad causada por el virus SARS-CoV-2 la aplicaci\u00f3n del inmunizador bivalente, que protege contra las formas graves de la infecci\u00f3n y reduce las posibilidades de internaci\u00f3n y muerte.<\/p>\n\n\n\n<p>La cifra de afectados por dengue durante las \u00faltimas tres semanas epidemiol\u00f3gicas de 2023 fue de tres mil 485, el 78 por ciento de ellos en la capital y los departamentos vecinos de Central, Paraguar\u00ed, Caaguaz\u00fa e Itap\u00faa, con un promedio de unos mil casos confirmados por semana.<\/p>\n\n\n\n<p>Por su parte, la situaci\u00f3n epidemiol\u00f3gica de la Covid-19 es similar por el aumento del contagio a 825 casos por semana, un 67 por ciento m\u00e1s en comparaci\u00f3n con principios de diciembre.<\/p>\n\n\n\n<p>La creciente circulaci\u00f3n simult\u00e1nea de dengue y Covid-19 detectada en el pa\u00eds amenaza cada vez m\u00e1s a la poblaci\u00f3n con contraer al un\u00edsono ambas enfermedades, declar\u00f3 la doctora Andrea Ojeda, directora de Vigilancia y Respuesta a Emergencias en Salud P\u00fablica, citada por el diario \u00daltima Hora.<\/p>\n","protected":false},"excerpt":{"rendered":"<p>Paraguay amaneci\u00f3 hoy en alerta sanitaria decretada por las autoridades ante la circulaci\u00f3n combinada de dengue y Covid-19, enfermedades que tambi\u00e9n coinciden de forma simult\u00e1nea en un mismo paciente. La&hellip; <\/p>\n","protected":false},"author":6,"featured_media":116677,"comment_status":"closed","ping_status":"open","sticky":false,"template":"","format":"standard","meta":{"footnotes":""},"categories":[11],"tags":[],"class_list":["post-116673","post","type-post","status-publish","format-standard","has-post-thumbnail","hentry","category-internacionales"],"_links":{"self":[{"href":"https:\/\/corrientesdetarde.com\/index.php\/wp-json\/wp\/v2\/posts\/116673","targetHints":{"allow":["GET"]}}],"collection":[{"href":"https:\/\/corrientesdetarde.com\/index.php\/wp-json\/wp\/v2\/posts"}],"about":[{"href":"https:\/\/corrientesdetarde.com\/index.php\/wp-json\/wp\/v2\/types\/post"}],"author":[{"embeddable":true,"href":"https:\/\/corrientesdetarde.com\/index.php\/wp-json\/wp\/v2\/users\/6"}],"replies":[{"embeddable":true,"href":"https:\/\/corrientesdetarde.com\/index.php\/wp-json\/wp\/v2\/comments?post=116673"}],"version-history":[{"count":1,"href":"https:\/\/corrientesdetarde.com\/index.php\/wp-json\/wp\/v2\/posts\/116673\/revisions"}],"predecessor-version":[{"id":116678,"href":"https:\/\/corrientesdetarde.com\/index.php\/wp-json\/wp\/v2\/posts\/116673\/revisions\/116678"}],"wp:featuredmedia":[{"embeddable":true,"href":"https:\/\/corrientesdetarde.com\/index.php\/wp-json\/wp\/v2\/media\/116677"}],"wp:attachment":[{"href":"https:\/\/corrientesdetarde.com\/index.php\/wp-json\/wp\/v2\/media?parent=116673"}],"wp:term":[{"taxonomy":"category","embeddable":true,"href":"https:\/\/corrientesdetarde.com\/index.php\/wp-json\/wp\/v2\/categories?post=116673"},{"taxonomy":"post_tag","embeddable":true,"href":"https:\/\/corrientesdetarde.com\/index.php\/wp-json\/wp\/v2\/tags?post=116673"}],"curies":[{"name":"wp","href":"https:\/\/api.w.org\/{rel}","templated":true}]}}