{"id":116722,"date":"2024-01-07T20:51:04","date_gmt":"2024-01-07T23:51:04","guid":{"rendered":"https:\/\/corrientesdetarde.com\/?p=116722"},"modified":"2024-01-07T20:51:16","modified_gmt":"2024-01-07T23:51:16","slug":"la-municipalidad-lanza-colonia-de-vacaciones-gratuitas-para-ninos-ninas-y-adultos-mayores","status":"publish","type":"post","link":"https:\/\/corrientesdetarde.com\/index.php\/locales\/la-municipalidad-lanza-colonia-de-vacaciones-gratuitas-para-ninos-ninas-y-adultos-mayores\/","title":{"rendered":"La municipalidad lanza colonia de vacaciones gratuitas para ni\u00f1os, ni\u00f1as y adultos mayores."},"content":{"rendered":"\n<h2 class=\"wp-block-heading\">Las inscripciones estar\u00e1n abiertas desde el lunes 8 de enero con cupos limitados. El lunes 15 iniciar\u00e1 en la playa Molina Punta y el complejo de piletas del barrio Esperanza las actividades dirigidas a infantes de entre 5 y 12 a\u00f1os. En tanto que los adultos mayores comenzar\u00e1n el 31 en el Club Tel\u00e9fonos Corrientes.<\/h2>\n\n\n\n<p>La Municipalidad de Corrientes organiza para este verano colonias de vacaciones gratuitas destinadas a ni\u00f1os y ni\u00f1as de 5 a 12 a\u00f1os, y para adultos mayores, a partir de los 60 a\u00f1os, con inscripciones abiertas a partir del lunes 8 y cupos limitados.<\/p>\n\n\n\n<p>La colonia de vacaciones infantiles se extender\u00e1 del 15 de enero al 9 de febrero, de 8:30 a 12:00 y tendr\u00e1 lugar en la playa Molina Punta y el complejo de piletas ubicado en el barrio Esperanza.<\/p>\n\n\n\n<p>Las inscripciones estar\u00e1n abiertas desde el pr\u00f3ximo lunes 8, en el horario de 8:00 a 13:00, en las delegaciones municipales de los barrios Molina Punta (Las Margaritas entre Jos\u00e9 Negro y calle 30), para el caso de la primera, y Esperanza (96 Viviendas por calle Gonz\u00e1lez) para la segunda.<\/p>\n\n\n\n<p>Los interesados deber\u00e1n presentar fotocopia de DNI del ni\u00f1o o ni\u00f1a y certificado de apto f\u00edsico que puede ser gestionado sin costo en cualquier Sala de Atenci\u00f3n Primaria de la Salud Municipal (SAPS).<\/p>\n\n\n\n<p>El subsecretario de Deportes municipal, Ram\u00f3n Vallejos, se\u00f1al\u00f3 que \u201cla idea es que podamos llevarles a los ni\u00f1os de estos sectores de la ciudad, alegr\u00eda, diversi\u00f3n, compa\u00f1\u00eda y contenci\u00f3n, adem\u00e1s de ense\u00f1arles algo muy pr\u00e1ctico y necesario como es nadar, para lo cual contaremos con profesores especializados que van a tener en cuenta todos los cuidados necesarios\u201d.<\/p>\n\n\n\n<p>En tanto que desde el 31 de enero al 1 de marzo se llevar\u00e1 a cabo, de 8 a 12, en el Club Tel\u00e9fonos Corrientes (CTC), la colonia de vacaciones destinadas a adultos mayores, donde las personas mayores desarrollar\u00e1n diversas actividades de esparcimiento, deportivas y l\u00fadicas, que ser\u00e1n coordinadas por un grupo de profesores.<\/p>\n\n\n\n<p>Los interesados deber\u00e1n pasar desde el lunes 8 por la Direcci\u00f3n General de Adultos Mayores, ubicada por calle Catamarca 771, en el horario de 8 a 12, hasta el martes 30 del corriente, para retirar una ficha que deber\u00e1 ser completada por un m\u00e9dico para realizar actividad acu\u00e1tica y concretar as\u00ed su inscripci\u00f3n.<\/p>\n\n\n\n<p>La directora general de Adultos Mayores, Celina Thones, explic\u00f3 que \u201cla colonia se va a llevar adelante por la ma\u00f1ana, dividida en dos grupos: uno tendr\u00e1 lugar los d\u00edas martes y jueves, mientras que el otro ser\u00e1 los mi\u00e9rcoles y viernes, siendo los cupos limitados\u201d.<\/p>\n\n\n\n<p>En ese sentido, la funcionaria indic\u00f3 que los participantes desarrollar\u00e1n durante su estad\u00eda en la colonia \u201cactividades acu\u00e1ticas en pileta, gimnasia terap\u00e9utica, manualidades, yoga, juegos de mesa, coreograf\u00edas, manualidades, entre otras\u201d.<\/p>\n\n\n\n<p>Por \u00faltimo, Thones destac\u00f3 \u201cla importancia de que los adultos mayores realicen estas actividades que mejoran su calidad de vida y les da otra expectativa, adem\u00e1s de relacionarse en grupos\u201d.<\/p>\n\n\n\n<figure class=\"wp-block-image\"><a href=\"https:\/\/www.radiosudamericana.com\/notix\/multimedia\/imagenes\/fotos\/2024-01-07\/394022.jpeg\"><img decoding=\"async\" src=\"https:\/\/www.radiosudamericana.com\/notix\/multimedia\/imagenes\/fotos\/2024-01-07\/394022.jpeg_nota.jpeg\" alt=\"\"\/><\/a><\/figure>\n\n\n\n<figure class=\"wp-block-image\"><a href=\"https:\/\/www.radiosudamericana.com\/notix\/multimedia\/imagenes\/fotos\/2024-01-07\/818814.jpeg\"><img decoding=\"async\" src=\"https:\/\/www.radiosudamericana.com\/notix\/multimedia\/imagenes\/fotos\/2024-01-07\/818814.jpeg_nota.jpeg\" alt=\"\"\/><\/a><\/figure>\n","protected":false},"excerpt":{"rendered":"<p>Las inscripciones estar\u00e1n abiertas desde el lunes 8 de enero con cupos limitados. El lunes 15 iniciar\u00e1 en la playa Molina Punta y el complejo de piletas del barrio Esperanza&hellip; <\/p>\n","protected":false},"author":6,"featured_media":116728,"comment_status":"closed","ping_status":"open","sticky":false,"template":"","format":"standard","meta":{"footnotes":""},"categories":[16,8],"tags":[],"class_list":["post-116722","post","type-post","status-publish","format-standard","has-post-thumbnail","hentry","category-bienestar-y-salud","category-locales"],"_links":{"self":[{"href":"https:\/\/corrientesdetarde.com\/index.php\/wp-json\/wp\/v2\/posts\/116722","targetHints":{"allow":["GET"]}}],"collection":[{"href":"https:\/\/corrientesdetarde.com\/index.php\/wp-json\/wp\/v2\/posts"}],"about":[{"href":"https:\/\/corrientesdetarde.com\/index.php\/wp-json\/wp\/v2\/types\/post"}],"author":[{"embeddable":true,"href":"https:\/\/corrientesdetarde.com\/index.php\/wp-json\/wp\/v2\/users\/6"}],"replies":[{"embeddable":true,"href":"https:\/\/corrientesdetarde.com\/index.php\/wp-json\/wp\/v2\/comments?post=116722"}],"version-history":[{"count":1,"href":"https:\/\/corrientesdetarde.com\/index.php\/wp-json\/wp\/v2\/posts\/116722\/revisions"}],"predecessor-version":[{"id":116729,"href":"https:\/\/corrientesdetarde.com\/index.php\/wp-json\/wp\/v2\/posts\/116722\/revisions\/116729"}],"wp:featuredmedia":[{"embeddable":true,"href":"https:\/\/corrientesdetarde.com\/index.php\/wp-json\/wp\/v2\/media\/116728"}],"wp:attachment":[{"href":"https:\/\/corrientesdetarde.com\/index.php\/wp-json\/wp\/v2\/media?parent=116722"}],"wp:term":[{"taxonomy":"category","embeddable":true,"href":"https:\/\/corrientesdetarde.com\/index.php\/wp-json\/wp\/v2\/categories?post=116722"},{"taxonomy":"post_tag","embeddable":true,"href":"https:\/\/corrientesdetarde.com\/index.php\/wp-json\/wp\/v2\/tags?post=116722"}],"curies":[{"name":"wp","href":"https:\/\/api.w.org\/{rel}","templated":true}]}}