{"id":116737,"date":"2024-01-07T21:09:16","date_gmt":"2024-01-08T00:09:16","guid":{"rendered":"https:\/\/corrientesdetarde.com\/?p=116737"},"modified":"2024-01-07T21:09:28","modified_gmt":"2024-01-08T00:09:28","slug":"dengue-vecinos-reclaman-por-mas-fumigaciones-por-el-aumento-de-casos","status":"publish","type":"post","link":"https:\/\/corrientesdetarde.com\/index.php\/bienestar-y-salud\/dengue-vecinos-reclaman-por-mas-fumigaciones-por-el-aumento-de-casos\/","title":{"rendered":"Dengue: vecinos reclaman por m\u00e1s fumigaciones por el aumento de casos."},"content":{"rendered":"\n<h2 class=\"wp-block-heading\">Corrientes est\u00e1 afectada por un brote de la enfermedad. Las autoridades sanitarias\u00a0piden acentuar con otras\u00a0medidas preventivas.<\/h2>\n\n\n\n<p>Por la suba de casos de dengue, vecinos reclaman mayor presencia estatal a la hora tomar mayores medidas preventivas, principalmente, pidieron en que se incrementen las fumigaciones en la Capital.<\/p>\n\n\n\n<p>El\u00a0Gobierno de Corrientes y el Municipio capitalino\u00a0realizaron el viernes tareas de control, vigilancia y fumigaci\u00f3n por casos de dengue en los barrios Santa Mar\u00eda y G\u00fcemes.<\/p>\n\n\n\n<p>De acuerdo con el cronograma que se dio a conocer desde la Municipalidad de Corrientes&nbsp;este lunes habr\u00e1 fumigaci\u00f3n y descacharrado en el barrio Laguna Seca. En tanto que el mi\u00e9rcoles&nbsp;se har\u00e1 el operativo en el 17 de Agosto y el viernes ser\u00e1 el turno&nbsp;del barrio Nuevo.<\/p>\n\n\n\n<p>Los vecinos,\u00a0por el aumento de casos, piden que se refuercen las fumigaciones y se aumente la recorrida por los\u00a0barrios. Tambi\u00e9n solicitan avanzar con el desmalezamiento para evitar la propagaci\u00f3n de los mosquitos.<\/p>\n\n\n\n<p>Respecto a las tareas de descacharrado, desde la Municipalidad\u00a0indicaron que\u00a0los camiones pasar\u00e1n por los barrios designados a partir de las 14. Durante\u00a0los recorridos se retirar\u00e1n los objetos\u00a0en desuso\u00a0como cubiertas, restos de electrodom\u00e9sticos y muebles, baldes, entre otros que podr\u00edan actuar como criaderos\u00a0para la reproducci\u00f3n del mosquito <em>Aedes aegypti<\/em>.<\/p>\n\n\n\n<p>La fumigaci\u00f3n es una medida recomendada por organismos internacionales como la Organizaci\u00f3n Mundial de la Salud en \u00e9pocas epid\u00e9micas; sin embargo, no resuelve completamente el problema.&nbsp;<\/p>\n\n\n\n<p>Desde el Gobierno provincial aclararon que la fumigaci\u00f3n no es una medida preventiva, solo est\u00e1 indicada para bloqueos ante casos.<\/p>\n\n\n\n<p>Para la prevenci\u00f3n es clave eliminar los criaderos de mosquitos. Lo mejor es evitar que se acumule agua y eliminar, tapar, limpiar, cepillar y dar vuelta cualquier recipiente, evitar los pastizales altos, destapar los desag\u00fces de lluvia de los techos, rociar insecticidas en base a permetrina en el interior de las casas, colocar mosquiteros o telas met\u00e1licas en puertas y ventanas, usar repelente en la piel expuesta, y espirales en casas y patios.<\/p>\n\n\n\n<p><\/p>\n","protected":false},"excerpt":{"rendered":"<p>Corrientes est\u00e1 afectada por un brote de la enfermedad. Las autoridades sanitarias\u00a0piden acentuar con otras\u00a0medidas preventivas. Por la suba de casos de dengue, vecinos reclaman mayor presencia estatal a la&hellip; <\/p>\n","protected":false},"author":6,"featured_media":116740,"comment_status":"closed","ping_status":"open","sticky":false,"template":"","format":"standard","meta":{"footnotes":""},"categories":[16],"tags":[],"class_list":["post-116737","post","type-post","status-publish","format-standard","has-post-thumbnail","hentry","category-bienestar-y-salud"],"_links":{"self":[{"href":"https:\/\/corrientesdetarde.com\/index.php\/wp-json\/wp\/v2\/posts\/116737","targetHints":{"allow":["GET"]}}],"collection":[{"href":"https:\/\/corrientesdetarde.com\/index.php\/wp-json\/wp\/v2\/posts"}],"about":[{"href":"https:\/\/corrientesdetarde.com\/index.php\/wp-json\/wp\/v2\/types\/post"}],"author":[{"embeddable":true,"href":"https:\/\/corrientesdetarde.com\/index.php\/wp-json\/wp\/v2\/users\/6"}],"replies":[{"embeddable":true,"href":"https:\/\/corrientesdetarde.com\/index.php\/wp-json\/wp\/v2\/comments?post=116737"}],"version-history":[{"count":1,"href":"https:\/\/corrientesdetarde.com\/index.php\/wp-json\/wp\/v2\/posts\/116737\/revisions"}],"predecessor-version":[{"id":116741,"href":"https:\/\/corrientesdetarde.com\/index.php\/wp-json\/wp\/v2\/posts\/116737\/revisions\/116741"}],"wp:featuredmedia":[{"embeddable":true,"href":"https:\/\/corrientesdetarde.com\/index.php\/wp-json\/wp\/v2\/media\/116740"}],"wp:attachment":[{"href":"https:\/\/corrientesdetarde.com\/index.php\/wp-json\/wp\/v2\/media?parent=116737"}],"wp:term":[{"taxonomy":"category","embeddable":true,"href":"https:\/\/corrientesdetarde.com\/index.php\/wp-json\/wp\/v2\/categories?post=116737"},{"taxonomy":"post_tag","embeddable":true,"href":"https:\/\/corrientesdetarde.com\/index.php\/wp-json\/wp\/v2\/tags?post=116737"}],"curies":[{"name":"wp","href":"https:\/\/api.w.org\/{rel}","templated":true}]}}