{"id":116946,"date":"2024-01-08T21:49:55","date_gmt":"2024-01-09T00:49:55","guid":{"rendered":"https:\/\/corrientesdetarde.com\/?p=116946"},"modified":"2024-01-08T21:50:07","modified_gmt":"2024-01-09T00:50:07","slug":"exitoso-lanzamiento-de-los-carnavales-barriales-2024seis-noches-en-el-itinerario-y-un-cierre-en-costanera-sur","status":"publish","type":"post","link":"https:\/\/corrientesdetarde.com\/index.php\/sociales\/exitoso-lanzamiento-de-los-carnavales-barriales-2024seis-noches-en-el-itinerario-y-un-cierre-en-costanera-sur\/","title":{"rendered":"Exitoso lanzamiento de los Carnavales Barriales 2024:seis noches en el itinerario y un cierre en Costanera Sur"},"content":{"rendered":"\n<p><em>La Municipalidad present\u00f3 oficialmente la fiesta carnestolenda que se llevar\u00e1 a cabo desde el pr\u00f3ximo martes 23 de enero y que recorrer\u00e1 distintos barrios de la ciudad durante seis jornadas, dos por semana. El recorrido concluir\u00e1 el jueves 8 de febrero en el principal\u00a0paseo de la ribera del Paran\u00e1. \u201cNoche por noche vamos a recorrer los barrios con la presencia de comparsas del Carnaval Oficial de Corrientes\u201d, anticip\u00f3 el intendente Tassano.<\/em><\/p>\n\n\n\n<figure class=\"wp-block-embed is-type-video is-provider-youtube wp-block-embed-youtube wp-embed-aspect-16-9 wp-has-aspect-ratio\"><div class=\"wp-block-embed__wrapper\">\n<iframe loading=\"lazy\" title=\"Lanzaron los Carnavales Barriales 2024: seis noches en el itinerario y un cierre en Costanera Sur\" width=\"1110\" height=\"624\" src=\"https:\/\/www.youtube.com\/embed\/QJbhb-WX9Mg?feature=oembed\" frameborder=\"0\" allow=\"accelerometer; autoplay; clipboard-write; encrypted-media; gyroscope; picture-in-picture; web-share\" allowfullscreen><\/iframe>\n<\/div><\/figure>\n\n\n\n<p><\/p>\n\n\n\n<p>En la noche del domingo, la Municipalidad de la ciudad de Corrientes present\u00f3 oficialmente la edici\u00f3n 2024 de los Carnavales Barriales. Se trata de una de las principales atracciones tur\u00edsticas y culturales que presenta la ciudad en el verano y que en esta ocasi\u00f3n comenzar\u00e1 el pr\u00f3ximo martes 23 de enero para recorrer los barrios de forma itinerante.<br>El cronograma contempla dos desfiles por semana para culminar con un gran cierre de broche de oro, el 8 de febrero en la Costanera Sur.<br>Durante el lanzamiento realizado en un parque Camb\u00e1 Cu\u00e1 repleto de vecinos y turistas, el intendente Eduardo Tassano invit\u00f3 a la comunidad a sumarse a la fiesta y exhort\u00f3: \u201cVamos con todo a trabajar juntos y disfrutar del carnaval barrial en toda la ciudad\u201d.<\/p>\n\n\n\n<figure class=\"wp-block-image size-large\"><img loading=\"lazy\" decoding=\"async\" width=\"1024\" height=\"669\" src=\"https:\/\/corrientesdetarde.com\/wp-content\/uploads\/2024\/01\/Captura-de-pantalla-2024-01-08-214705-1-1024x669.png\" alt=\"\" class=\"wp-image-116954\" srcset=\"https:\/\/corrientesdetarde.com\/wp-content\/uploads\/2024\/01\/Captura-de-pantalla-2024-01-08-214705-1-1024x669.png 1024w, https:\/\/corrientesdetarde.com\/wp-content\/uploads\/2024\/01\/Captura-de-pantalla-2024-01-08-214705-1-300x196.png 300w, https:\/\/corrientesdetarde.com\/wp-content\/uploads\/2024\/01\/Captura-de-pantalla-2024-01-08-214705-1-768x502.png 768w, https:\/\/corrientesdetarde.com\/wp-content\/uploads\/2024\/01\/Captura-de-pantalla-2024-01-08-214705-1.png 1343w\" sizes=\"auto, (max-width: 1024px) 100vw, 1024px\" \/><\/figure>\n\n\n\n<p><br>Tambi\u00e9n estuvo en la presentaci\u00f3n oficial del evento el secretario de Cultura y Educaci\u00f3n del municipio, Jos\u00e9 Sand, quien destac\u00f3 el desarrollo econ\u00f3mico que aportan los carnavales barriales en cada una de sus ediciones.<br>Adem\u00e1s, se cont\u00f3 con las presentaciones art\u00edsticas de la comparsa Osiris y agrupaci\u00f3n Sarava, ambas ganadoras de la edici\u00f3n 2023.<br>Cabe mencionar que para llevar a cabo la fiesta del Momo a\u00f1o a a\u00f1o se cuenta con el trabajo mancomunado entre el Municipio y la Provincia quienes llevan adelante la log\u00edstica, la seguridad y los dispositivos sanitarios del evento que re\u00fane a los vecinos de los diferentes barrios de la ciudad.<br><br>AGRUPACIONES Y FECHAS<br>Esta nueva edici\u00f3n contar\u00e1 con la participaci\u00f3n de 12 comparsas, cuatro agrupaciones musicales y siete agrupaciones humor\u00edsticas. La gran fiesta de los barrios se realizar\u00e1 durante seis noches: el martes 23, jueves 25 y martes 30 de enero; y jueves 1, martes 6 y jueves 8 de febrero.<br>Recorrer\u00e1 los siguientes barrios, en ese orden: Ba\u00f1ado Norte, Industrial, 17 de Agosto, Mil Viviendas, Pio X y culminar\u00e1 con el desfile en la Costanera \u201cJuan Pablo II\u201d.<br><br>CONSTRUCCION DE LA CIUDAD DE EVENTOS<br>\u201cNos estamos preparando para vivir seis noches dentro de los tradicionales carnavales barriales\u201d, expres\u00f3 el intendente Eduardo Tassano al denotar el crecimiento de participaci\u00f3n en cada edici\u00f3n.<br>A su vez, Tassano anunci\u00f3 que \u201cnoche por noche vamos a recorrer los barrios con la presencia de comparsas del Carnaval Oficial\u201d y agreg\u00f3 para cerrar: \u201cEstamos camino al evento cultural m\u00e1s importante que tiene la ciudad de Corrientes\u201d.<br><br>CRECIMIENTO DE LA EXPRESI\u00d3N CULTURAL<br>Por su parte, el secretario de Cultura y Educaci\u00f3n del municipio, Jos\u00e9 Sand dio cuenta de la importancia de la expresi\u00f3n popular de la ciudad que \u201ca\u00f1o a a\u00f1o cuenta con un pronunciado crecimiento donde vemos el trabajo de cada uno de sus participantes que lo viven con gran expectativa\u201d.<br>En este sentido, destac\u00f3 el acompa\u00f1amiento de comparseros y sus familias: \u201cTienen la camiseta puesta y vemos un carnaval sin techo\u201d.<br>A la vez, el funcionario destac\u00f3 el desarrollo econ\u00f3mico que se genera en cada los barrios.<br><br>REFERENTES CULTURALES<br>Los representantes culturales del carnaval de Corrientes, Malena Ben\u00edtez y Ulises Zaracho sostuvieron que \u201cempezamos a vivir la fiesta m\u00e1s importante del a\u00f1o y que es inolvidable.<br>Invitamos que vivan el brillo y alegr\u00eda del carnaval\u201d, indicaron.<br>Por su parte, el presidente de la comparsa Osiris, Miguel \u00c1ngel Ram\u00edrez destac\u00f3 el c\u00e1lido recibimiento de los vecinos en el lanzamiento de la edici\u00f3n 2024 e invit\u00f3 a los correntinos y turistas a ser parte de las seis noches a realizarse durante fines de enero y comienzos de febrero.<\/p>\n\n\n\n<figure class=\"wp-block-image size-large\"><img loading=\"lazy\" decoding=\"async\" width=\"1024\" height=\"593\" src=\"https:\/\/corrientesdetarde.com\/wp-content\/uploads\/2024\/01\/Captura-de-pantalla-2024-01-08-214716-1-1024x593.png\" alt=\"\" class=\"wp-image-116950\" srcset=\"https:\/\/corrientesdetarde.com\/wp-content\/uploads\/2024\/01\/Captura-de-pantalla-2024-01-08-214716-1-1024x593.png 1024w, https:\/\/corrientesdetarde.com\/wp-content\/uploads\/2024\/01\/Captura-de-pantalla-2024-01-08-214716-1-300x174.png 300w, https:\/\/corrientesdetarde.com\/wp-content\/uploads\/2024\/01\/Captura-de-pantalla-2024-01-08-214716-1-768x445.png 768w, https:\/\/corrientesdetarde.com\/wp-content\/uploads\/2024\/01\/Captura-de-pantalla-2024-01-08-214716-1.png 1265w\" sizes=\"auto, (max-width: 1024px) 100vw, 1024px\" \/><\/figure>\n\n\n\n<figure class=\"wp-block-image size-large\"><img loading=\"lazy\" decoding=\"async\" width=\"1024\" height=\"660\" src=\"https:\/\/corrientesdetarde.com\/wp-content\/uploads\/2024\/01\/Captura-de-pantalla-2024-01-08-214727-1024x660.png\" alt=\"\" class=\"wp-image-116952\" srcset=\"https:\/\/corrientesdetarde.com\/wp-content\/uploads\/2024\/01\/Captura-de-pantalla-2024-01-08-214727-1024x660.png 1024w, https:\/\/corrientesdetarde.com\/wp-content\/uploads\/2024\/01\/Captura-de-pantalla-2024-01-08-214727-300x193.png 300w, https:\/\/corrientesdetarde.com\/wp-content\/uploads\/2024\/01\/Captura-de-pantalla-2024-01-08-214727-768x495.png 768w, https:\/\/corrientesdetarde.com\/wp-content\/uploads\/2024\/01\/Captura-de-pantalla-2024-01-08-214727.png 1347w\" sizes=\"auto, (max-width: 1024px) 100vw, 1024px\" \/><\/figure>\n\n\n\n<figure class=\"wp-block-image size-large\"><img loading=\"lazy\" decoding=\"async\" width=\"1024\" height=\"665\" src=\"https:\/\/corrientesdetarde.com\/wp-content\/uploads\/2024\/01\/Captura-de-pantalla-2024-01-08-214759-1024x665.png\" alt=\"\" class=\"wp-image-116953\" srcset=\"https:\/\/corrientesdetarde.com\/wp-content\/uploads\/2024\/01\/Captura-de-pantalla-2024-01-08-214759-1024x665.png 1024w, https:\/\/corrientesdetarde.com\/wp-content\/uploads\/2024\/01\/Captura-de-pantalla-2024-01-08-214759-300x195.png 300w, https:\/\/corrientesdetarde.com\/wp-content\/uploads\/2024\/01\/Captura-de-pantalla-2024-01-08-214759-768x499.png 768w, https:\/\/corrientesdetarde.com\/wp-content\/uploads\/2024\/01\/Captura-de-pantalla-2024-01-08-214759.png 1363w\" sizes=\"auto, (max-width: 1024px) 100vw, 1024px\" \/><\/figure>\n","protected":false},"excerpt":{"rendered":"<p>La Municipalidad present\u00f3 oficialmente la fiesta carnestolenda que se llevar\u00e1 a cabo desde el pr\u00f3ximo martes 23 de enero y que recorrer\u00e1 distintos barrios de la ciudad durante seis jornadas,&hellip; <\/p>\n","protected":false},"author":4,"featured_media":116949,"comment_status":"closed","ping_status":"open","sticky":false,"template":"","format":"standard","meta":{"footnotes":""},"categories":[23,17],"tags":[],"class_list":["post-116946","post","type-post","status-publish","format-standard","has-post-thumbnail","hentry","category-actualidad","category-sociales"],"_links":{"self":[{"href":"https:\/\/corrientesdetarde.com\/index.php\/wp-json\/wp\/v2\/posts\/116946","targetHints":{"allow":["GET"]}}],"collection":[{"href":"https:\/\/corrientesdetarde.com\/index.php\/wp-json\/wp\/v2\/posts"}],"about":[{"href":"https:\/\/corrientesdetarde.com\/index.php\/wp-json\/wp\/v2\/types\/post"}],"author":[{"embeddable":true,"href":"https:\/\/corrientesdetarde.com\/index.php\/wp-json\/wp\/v2\/users\/4"}],"replies":[{"embeddable":true,"href":"https:\/\/corrientesdetarde.com\/index.php\/wp-json\/wp\/v2\/comments?post=116946"}],"version-history":[{"count":1,"href":"https:\/\/corrientesdetarde.com\/index.php\/wp-json\/wp\/v2\/posts\/116946\/revisions"}],"predecessor-version":[{"id":116955,"href":"https:\/\/corrientesdetarde.com\/index.php\/wp-json\/wp\/v2\/posts\/116946\/revisions\/116955"}],"wp:featuredmedia":[{"embeddable":true,"href":"https:\/\/corrientesdetarde.com\/index.php\/wp-json\/wp\/v2\/media\/116949"}],"wp:attachment":[{"href":"https:\/\/corrientesdetarde.com\/index.php\/wp-json\/wp\/v2\/media?parent=116946"}],"wp:term":[{"taxonomy":"category","embeddable":true,"href":"https:\/\/corrientesdetarde.com\/index.php\/wp-json\/wp\/v2\/categories?post=116946"},{"taxonomy":"post_tag","embeddable":true,"href":"https:\/\/corrientesdetarde.com\/index.php\/wp-json\/wp\/v2\/tags?post=116946"}],"curies":[{"name":"wp","href":"https:\/\/api.w.org\/{rel}","templated":true}]}}