{"id":117134,"date":"2024-01-09T15:10:57","date_gmt":"2024-01-09T18:10:57","guid":{"rendered":"https:\/\/corrientesdetarde.com\/?p=117134"},"modified":"2024-01-09T15:11:00","modified_gmt":"2024-01-09T18:11:00","slug":"salud-publica-realizo-mas-de-250-atenciones-en-el-santuario-del-gauchito-gil","status":"publish","type":"post","link":"https:\/\/corrientesdetarde.com\/index.php\/sociales\/salud-publica-realizo-mas-de-250-atenciones-en-el-santuario-del-gauchito-gil\/","title":{"rendered":"Salud P\u00fablica realiz\u00f3 m\u00e1s de 250 atenciones en el santuario del Gauchito Gil"},"content":{"rendered":"\n<p><em>Un equipo de la Direcci\u00f3n de Operativos Sanitarios de la Provincia&nbsp;<\/em><em>integrado m\u00e9dicos, enfermeros, agentes sanitarios y choferes, con ellos tres consultorios m\u00f3viles y tres ambulancias, se hizo presente desde el domingo a las 6.30 para asistir a los feligreses. Estar\u00e1n tambi\u00e9n en la Fiesta del Chamam\u00e9 y en los carnavales.<\/em><\/p>\n\n\n\n<p>El Ministerio de Salud P\u00fablica, a cargo de Ricardo Cardozo, se hizo presente en el santuario del Gauchito Gil en Mercedes. La direcci\u00f3n de Operativos Sanitarios de la Provincia estuvo en la conmemoraci\u00f3n del fallecimiento del santo popular asistiendo a m\u00e1s de 250 personas que necesitaron la ayuda de los profesionales de la salud.<\/p>\n\n\n\n<p>Un grupo de 25 personas, m\u00e9dicos, enfermeros, agentes sanitarios y choferes, con ellos tres consultorios m\u00f3viles y tres ambulancias, llegaron al predio del Gauchito Gil el domingo a las 6.30 y estuvieron hasta el lunes 8 hasta despu\u00e9s del mediod\u00eda. La lluvia hizo que disminuyera la cantidad de gente que se acerca habitualmente a saludar al santo popular y tambi\u00e9n que se acorte el tiempo de visita al santuario.<\/p>\n\n\n\n<p>\u201cRealizamos m\u00e1s de 250 atenciones 25 derivaciones al Hospital Las Mercedes. La patolog\u00eda prevalente es malestar g\u00e1strico, generalmente por consumo de alimentos que no cumplen con la cadena de fr\u00edo. Tambi\u00e9n por consumo de bebidas alcoh\u00f3licas. Hubo adem\u00e1s pacientes que atendimos por picadura de insectos: ara\u00f1as, avispas y abejas\u201d, coment\u00f3 el director de Operativos Sanitarios de la Provincia,&nbsp;<strong>Eduardo Farizano<\/strong>.<\/p>\n\n\n\n<p>Las picaduras de insectos, explic\u00f3 que tienen que ver con la intensa lluvia. La tormenta rompi\u00f3 gazebos y provoc\u00f3 cortes de luz en el lugar. Farizano agradeci\u00f3 a los comerciantes que facilitaron tablones de madera, por el agua, para que el personal haga su tarea.<\/p>\n\n\n\n<p>\u201cLa gente se est\u00e1 volviendo m\u00e1s temprano, nos solemos quedar hasta las 17 en otros a\u00f1os, pero seguir\u00e1 lloviendo muy fuerte y las personas ya se est\u00e1n volviendo a sus casas\u201d, dijo.<\/p>\n\n\n\n<p>El director del operativo precis\u00f3 que \u201cnos llaman desde distintos paradores y asistimos, la Polic\u00eda muchas veces es nuestro nexo, evaluamos lo que sucede al paciente y en caso de ser necesario derivamos al hospital\u201d.<\/p>\n\n\n\n<p>\u201cEl equipo de m\u00e9dicos y enfermeros est\u00e1 preparado para resolver cuestiones menores ac\u00e1 en el santuario. Esto tiene que ver, por ejemplo, con problemas de pico de presi\u00f3n alta o porque no trajeron su pastilla para la diabetes. Lo que no est\u00e1 en nuestras posibilidades derivamos\u201d, sostuvo y agradeci\u00f3 a la directora del nosocomio, Lali Lacour por la provisi\u00f3n de elementos como dispenser de agua.<\/p>\n\n\n\n<p>En a\u00f1os anteriores, la atenci\u00f3n era de hasta 600 pacientes, muchos por golpe de calor. La lluvia disminuy\u00f3 bastante. En esta oportunidad, adem\u00e1s de picaduras de insectos, \u201csurgieron curaciones de heridas, gente que se corta\u201d porque no visualiza bien el camino.<\/p>\n\n\n\n<p>Hace 20 a\u00f1os est\u00e1n realizando este operativo durante estas fechas, Farizano record\u00f3 que las atenciones se hacen a todos los que la requieren, muchos de ellos de otras provincias.<\/p>\n\n\n\n<p>Para finalizar dijo que estar\u00e1n presentes tambi\u00e9n en la Fiesta del Chamam\u00e9 y en los carnavales.<\/p>\n","protected":false},"excerpt":{"rendered":"<p>Un equipo de la Direcci\u00f3n de Operativos Sanitarios de la Provincia&nbsp;integrado m\u00e9dicos, enfermeros, agentes sanitarios y choferes, con ellos tres consultorios m\u00f3viles y tres ambulancias, se hizo presente desde el&hellip; <\/p>\n","protected":false},"author":12,"featured_media":117135,"comment_status":"closed","ping_status":"open","sticky":false,"template":"","format":"standard","meta":{"footnotes":""},"categories":[17],"tags":[],"class_list":["post-117134","post","type-post","status-publish","format-standard","has-post-thumbnail","hentry","category-sociales"],"_links":{"self":[{"href":"https:\/\/corrientesdetarde.com\/index.php\/wp-json\/wp\/v2\/posts\/117134","targetHints":{"allow":["GET"]}}],"collection":[{"href":"https:\/\/corrientesdetarde.com\/index.php\/wp-json\/wp\/v2\/posts"}],"about":[{"href":"https:\/\/corrientesdetarde.com\/index.php\/wp-json\/wp\/v2\/types\/post"}],"author":[{"embeddable":true,"href":"https:\/\/corrientesdetarde.com\/index.php\/wp-json\/wp\/v2\/users\/12"}],"replies":[{"embeddable":true,"href":"https:\/\/corrientesdetarde.com\/index.php\/wp-json\/wp\/v2\/comments?post=117134"}],"version-history":[{"count":1,"href":"https:\/\/corrientesdetarde.com\/index.php\/wp-json\/wp\/v2\/posts\/117134\/revisions"}],"predecessor-version":[{"id":117136,"href":"https:\/\/corrientesdetarde.com\/index.php\/wp-json\/wp\/v2\/posts\/117134\/revisions\/117136"}],"wp:featuredmedia":[{"embeddable":true,"href":"https:\/\/corrientesdetarde.com\/index.php\/wp-json\/wp\/v2\/media\/117135"}],"wp:attachment":[{"href":"https:\/\/corrientesdetarde.com\/index.php\/wp-json\/wp\/v2\/media?parent=117134"}],"wp:term":[{"taxonomy":"category","embeddable":true,"href":"https:\/\/corrientesdetarde.com\/index.php\/wp-json\/wp\/v2\/categories?post=117134"},{"taxonomy":"post_tag","embeddable":true,"href":"https:\/\/corrientesdetarde.com\/index.php\/wp-json\/wp\/v2\/tags?post=117134"}],"curies":[{"name":"wp","href":"https:\/\/api.w.org\/{rel}","templated":true}]}}