{"id":11727,"date":"2022-10-16T21:47:15","date_gmt":"2022-10-17T00:47:15","guid":{"rendered":"https:\/\/corrientesdetarde.com\/?p=11727"},"modified":"2022-10-16T21:47:18","modified_gmt":"2022-10-17T00:47:18","slug":"juegos-odesur-2022-belen-casetta-le-dio-una-victoria-a-la-argentina-en-el-medallero-y-anuncio-su-embarazo","status":"publish","type":"post","link":"https:\/\/corrientesdetarde.com\/index.php\/deportes\/juegos-odesur-2022-belen-casetta-le-dio-una-victoria-a-la-argentina-en-el-medallero-y-anuncio-su-embarazo\/","title":{"rendered":"Juegos Odesur 2022: Bel\u00e9n Casetta le dio una victoria a la Argentina en el medallero y anunci\u00f3 su embarazo."},"content":{"rendered":"\n<h2 class=\"wp-block-heading\">Bel\u00e9n Casetta gan\u00f3 en la prueba femenina de 3.000 metros con obst\u00e1culos y tras consagrarse cont\u00f3 que est\u00e1 embarazada.<\/h2>\n\n\n\n<p><strong>Bel\u00e9n Casetta<\/strong>, la atleta marplatense que se consagr\u00f3 este s\u00e1bado en los\u00a0<strong>juegos Odesur<\/strong>\u00a0al salir primera en los 3.000 metros con obst\u00e1culos,\u00a0sorprendi\u00f3 a sus seguidores al revelar una inesperada noticia luego de\u00a0colgarse su\u00a0<strong>medalla de oro<\/strong>.<\/p>\n\n\n\n<figure class=\"wp-block-image size-large\"><img loading=\"lazy\" decoding=\"async\" width=\"1024\" height=\"503\" src=\"https:\/\/corrientesdetarde.com\/wp-content\/uploads\/2022\/10\/g3XmFNwE7_1256x620__2-1024x503.webp\" alt=\"\" class=\"wp-image-11731\" srcset=\"https:\/\/corrientesdetarde.com\/wp-content\/uploads\/2022\/10\/g3XmFNwE7_1256x620__2-1024x503.webp 1024w, https:\/\/corrientesdetarde.com\/wp-content\/uploads\/2022\/10\/g3XmFNwE7_1256x620__2-300x147.webp 300w, https:\/\/corrientesdetarde.com\/wp-content\/uploads\/2022\/10\/g3XmFNwE7_1256x620__2-768x377.webp 768w, https:\/\/corrientesdetarde.com\/wp-content\/uploads\/2022\/10\/g3XmFNwE7_1256x620__2.webp 1256w\" sizes=\"auto, (max-width: 1024px) 100vw, 1024px\" \/><\/figure>\n\n\n\n<p>Es que la soldado voluntaria del Ej\u00e9rcito Argentino -que recibi\u00f3 la felicitaci\u00f3n de la fuerza por sus logros en la \u00faltima competencia- cont\u00f3 que se iba a alejar de los entrenamientos de \u00e9lite por un tiempo.<\/p>\n\n\n\n<p><strong>&#8220;Lleg\u00f3 el momento de bajarme del alto rendimiento por unos meses&#8221;<\/strong>, escribi\u00f3 la joven horas despu\u00e9s de salir primera en la prueba femenina llevada adelante en Paraguay.<\/p>\n\n\n\n<p>La explicaci\u00f3n de su decisi\u00f3n fue un secreto que se hab\u00eda estado guardando durante algunas semanas y\u00a0aprovech\u00f3 el momento de su consagraci\u00f3n para compartirlo con sus seguidores.<\/p>\n\n\n\n<figure class=\"wp-block-image size-full\"><img loading=\"lazy\" decoding=\"async\" width=\"720\" height=\"921\" src=\"https:\/\/corrientesdetarde.com\/wp-content\/uploads\/2022\/10\/Bu33RLGWZ_720x0__1.webp\" alt=\"\" class=\"wp-image-11732\" srcset=\"https:\/\/corrientesdetarde.com\/wp-content\/uploads\/2022\/10\/Bu33RLGWZ_720x0__1.webp 720w, https:\/\/corrientesdetarde.com\/wp-content\/uploads\/2022\/10\/Bu33RLGWZ_720x0__1-235x300.webp 235w\" sizes=\"auto, (max-width: 720px) 100vw, 720px\" \/><\/figure>\n\n\n\n<p>&#8220;<strong>Estoy feliz de contarles que se viene un nuevo integrante en mi familia.<\/strong>&nbsp;Mis entrenamientos ahora son de a dos y de baja intensidad&#8221;, public\u00f3 la corredora en sus redes sociales anunciando que ser\u00e1 mam\u00e1.<\/p>\n\n\n\n<p>Al posteo lo acompa\u00f1\u00f3 de una serie de fotos. Las primeras que eligi\u00f3 fueron las de la jornada de este s\u00e1bado en la competencia, donde qued\u00f3 en el primer lugar de la prueba al concretarla en 10 minutos y 23 segundos.<\/p>\n\n\n\n<p>Las otras con las que complet\u00f3 el peque\u00f1o \u00e1lbum son im\u00e1genes suyas junto a su pareja y algunas en las que se ve c\u00f3mo su peque\u00f1a panza comienza a asomar.<\/p>\n\n\n\n<p>Al concluir la publicaci\u00f3n, cerr\u00f3: &#8220;Much\u00edsimas gracias a todos por acompa\u00f1arme y apoyarme en cada momento en estos a\u00f1os. Nos volveremos a ver en unos meses&#8221;.<\/p>\n\n\n\n<p>La misma r\u00e1pidamente junt\u00f3 m\u00e1s de mil &#8216;me gusta&#8217; y se llen\u00f3&nbsp;de comentarios de sus amigos, familiares y seguidores de Casetta que la felicitaron por las dos noticias.<\/p>\n\n\n\n<h2 class=\"wp-block-heading\">La participaci\u00f3n de Bel\u00e9n Casetta en los Juegos Odesur<\/h2>\n\n\n\n<p>La competencia se realiz\u00f3 en Asunci\u00f3n, Paraguay, donde Casetta complet\u00f3 la prueba de 3.000 metros con obst\u00e1culos en un tiempo ejemplar.<\/p>\n\n\n\n<p>Lo hizo con una marca de 10 minutos y 23 segundos, siendo escoltada por la brasile\u00f1a Mirelle Leite da Silva, que alcanz\u00f3 a realizarlo en 10 minutos y 25 segundos.<\/p>\n\n\n\n<p>En tercer y \u00faltimo lugar en el podio finaliz\u00f3 Stefany L\u00f3pez, de Colombia, con 10minutos 26 segundos, mientras que cuarta concluy\u00f3 la peruana Margarita N\u00fa\u00f1ez (10 minutos 41 segundos).<\/p>\n\n\n\n<p>El top 5 se completa con otra argentina. Es que el quinto puesto lo ocup\u00f3 Carolina Lozano, que complet\u00f3 la prueba femenina con 10 minutos 52 segundos.<\/p>\n","protected":false},"excerpt":{"rendered":"<p>Bel\u00e9n Casetta gan\u00f3 en la prueba femenina de 3.000 metros con obst\u00e1culos y tras consagrarse cont\u00f3 que est\u00e1 embarazada. Bel\u00e9n Casetta, la atleta marplatense que se consagr\u00f3 este s\u00e1bado en&hellip; <\/p>\n","protected":false},"author":6,"featured_media":11733,"comment_status":"closed","ping_status":"open","sticky":false,"template":"","format":"standard","meta":{"footnotes":""},"categories":[4],"tags":[],"class_list":["post-11727","post","type-post","status-publish","format-standard","has-post-thumbnail","hentry","category-deportes"],"_links":{"self":[{"href":"https:\/\/corrientesdetarde.com\/index.php\/wp-json\/wp\/v2\/posts\/11727","targetHints":{"allow":["GET"]}}],"collection":[{"href":"https:\/\/corrientesdetarde.com\/index.php\/wp-json\/wp\/v2\/posts"}],"about":[{"href":"https:\/\/corrientesdetarde.com\/index.php\/wp-json\/wp\/v2\/types\/post"}],"author":[{"embeddable":true,"href":"https:\/\/corrientesdetarde.com\/index.php\/wp-json\/wp\/v2\/users\/6"}],"replies":[{"embeddable":true,"href":"https:\/\/corrientesdetarde.com\/index.php\/wp-json\/wp\/v2\/comments?post=11727"}],"version-history":[{"count":1,"href":"https:\/\/corrientesdetarde.com\/index.php\/wp-json\/wp\/v2\/posts\/11727\/revisions"}],"predecessor-version":[{"id":11734,"href":"https:\/\/corrientesdetarde.com\/index.php\/wp-json\/wp\/v2\/posts\/11727\/revisions\/11734"}],"wp:featuredmedia":[{"embeddable":true,"href":"https:\/\/corrientesdetarde.com\/index.php\/wp-json\/wp\/v2\/media\/11733"}],"wp:attachment":[{"href":"https:\/\/corrientesdetarde.com\/index.php\/wp-json\/wp\/v2\/media?parent=11727"}],"wp:term":[{"taxonomy":"category","embeddable":true,"href":"https:\/\/corrientesdetarde.com\/index.php\/wp-json\/wp\/v2\/categories?post=11727"},{"taxonomy":"post_tag","embeddable":true,"href":"https:\/\/corrientesdetarde.com\/index.php\/wp-json\/wp\/v2\/tags?post=11727"}],"curies":[{"name":"wp","href":"https:\/\/api.w.org\/{rel}","templated":true}]}}