{"id":117413,"date":"2024-01-10T10:46:30","date_gmt":"2024-01-10T13:46:30","guid":{"rendered":"https:\/\/corrientesdetarde.com\/?p=117413"},"modified":"2024-01-10T10:47:43","modified_gmt":"2024-01-10T13:47:43","slug":"defendemos-con-fuerza-a-nuestras-economias-regionales-afirmo-el-gobernador-rogelio-frigerio","status":"publish","type":"post","link":"https:\/\/corrientesdetarde.com\/index.php\/economia\/defendemos-con-fuerza-a-nuestras-economias-regionales-afirmo-el-gobernador-rogelio-frigerio\/","title":{"rendered":"\u201cDefendemos con fuerza a nuestras econom\u00edas regionales\u201d, afirm\u00f3 el gobernador Rogelio Frigerio"},"content":{"rendered":"\n<p>\u201cVamos a salir adelante si fomentamos nuestras<strong>econom\u00edas regionales\u00a0sin trabas ni palos en la rueda<\/strong>\u201d, afirm\u00f3 el gobernador de\u00a0<strong>Entre R\u00edos,\u00a0Rogelio Frigerio<\/strong>, tras una reuni\u00f3n con el secretario de Agricultura, Ganader\u00eda y Pesca,\u00a0<strong>Fernando Vilella.<\/strong><\/p>\n\n\n\n<p>Posteriormente, a\u00f1adi\u00f3: \u201c<strong>Estoy trabajando para defender la baja de las retenciones<\/strong>\u201d. La definici\u00f3n de Frigerio fue posterior al encuentro que mantuvo con el\u00a0<strong>presidente Javier Milei\u00a0<\/strong>y sus pares de todo el pa\u00eds, tras lo cual ratific\u00f3 su apoyo al pedido presidencial y anticip\u00f3 su firme compromiso de luchar por los fondos provinciales.<\/p>\n\n\n\n<p>En este contexto, Frigerio celebr\u00f3 \u201c<strong>la oportunidad de trabajar conjuntamente en esta lucha contra la inflaci\u00f3n<\/strong>. Voy a acompa\u00f1ar desde la provincia los esfuerzos que plantea el Presidente para combatir este flagelo\u201d. El gobernador tambi\u00e9n manifest\u00f3 su determinaci\u00f3n respecto a los recursos provinciales: \u201cPelearemos tambi\u00e9n por la recuperaci\u00f3n de los fondos provinciales que se perdieron y que afectan el pago de salarios en tiempo y forma\u201d.<\/p>\n\n\n\n<p>Otro punto destacado en la agenda fue la situaci\u00f3n de las obras comprometidas por el gobierno nacional en Entre R\u00edos. Frigerio afirm\u00f3: \u201cAbordamos el planteo en relaci\u00f3n a las obras que Naci\u00f3n tiene comprometidas en la provincia con los recursos que nos adeudan a los entrerrianos. Buscamos continuar y concluir estas obras cruciales para el desarrollo de la regi\u00f3n\u201d.<\/p>\n\n\n\n<figure class=\"wp-block-image\"><img decoding=\"async\" src=\"https:\/\/tn.com.ar\/resizer\/PAfZqEcB1H-kVBYZlHXawuSSMeI=\/767x0\/smart\/filters:format(webp)\/cloudfront-us-east-1.images.arcpublishing.com\/artear\/NMD2XRRILFBMNCQ7TPXDK5QYMQ.jfif\" alt=\"Entre R\u00edos cuenta con condiciones clim\u00e1ticas propicias y suelo f\u00e9rtil que favorecen el cultivo de diferentes variedades de c\u00edtricos, como naranjas, mandarinas, pomelos y limones. (Foto: Gobierno de Entre R\u00edos). \"\/><figcaption>Entre R\u00edos cuenta con condiciones clim\u00e1ticas propicias y suelo f\u00e9rtil que favorecen el cultivo de diferentes variedades de c\u00edtricos, como naranjas, mandarinas, pomelos y limones. (Foto: Gobierno de Entre R\u00edos).<\/figcaption><\/figure>\n\n\n\n<h2 class=\"wp-block-heading\"><strong>\u201cLas econom\u00edas regionales no deben ser la variable de ajuste\u201d, solicit\u00f3 el gobernador entrerriano<\/strong><\/h2>\n\n\n\n<p>Este encuentro estrat\u00e9gico con las autoridades nacionales, no solo reforz\u00f3 la colaboraci\u00f3n, sino que tambi\u00e9n estableci\u00f3 un compromiso en la b\u00fasqueda de soluciones efectivas para superar los desaf\u00edos econ\u00f3micos que impactan en zonas productivas.<\/p>\n\n\n\n<p>En tanto, Frigerio destac\u00f3 la importancia de proteger las econom\u00edas regionales: \u201c<strong>Planteamos con fuerza la defensa de nuestras\u00a0econom\u00edas regionales<\/strong>\u00a0para evitar que siempre sean la variable de ajuste\u201d, indic\u00f3, en el contexto de la discusi\u00f3n sobre el sistema de retenciones. Subray\u00f3 la necesidad de preservar la estabilidad de las regiones ante medidas que podr\u00edan afectar su desarrollo.<\/p>\n\n\n\n<p>En otro mensaje, enfatiz\u00f3: \u201cDesde que asum\u00ed como gobernador estoy trabajando para defender la baja de las retenciones y me reun\u00ed con el secretario de Agricultura, para avanzar en este sentido\u201d. Subray\u00f3 que implementar\u00e1 acciones concretas en la defensa de los intereses regionales y la eliminaci\u00f3n de obst\u00e1culos que puedan afectar su progreso.<\/p>\n\n\n\n<figure class=\"wp-block-image\"><img decoding=\"async\" src=\"https:\/\/tn.com.ar\/resizer\/VtHqHqD1bFxXHcLSkOKFGxhSLPw=\/767x0\/smart\/filters:format(webp)\/cloudfront-us-east-1.images.arcpublishing.com\/artear\/PEJCJL2GPVC7TGZCCGVAKK77XY.jpg\" alt=\"&quot;Vamos a salir adelante si fomentamos nuestras econom\u00edas regionales sin trabas ni palos en la rueda&quot;, afirm\u00f3 el gobernador. (Foto: NA)\"\/><figcaption>&#8220;Vamos a salir adelante si fomentamos nuestras econom\u00edas regionales sin trabas ni palos en la rueda&#8221;, afirm\u00f3 el gobernador. (Foto: NA)<\/figcaption><\/figure>\n\n\n\n<p>Adem\u00e1s, Frigerio resalt\u00f3 la necesidad de ir m\u00e1s all\u00e1 de simples gestos de apoyo al campo: \u201c<strong>No basta con comprender la problem\u00e1tica del campo<\/strong>, recibir a las entidades, mantener un buen di\u00e1logo y promover pol\u00edticas que impulsen la producci\u00f3n, el empleo y el arraigo\u201d.<\/p>\n\n\n\n<p>Por \u00faltimo, destac\u00f3 \u201cla paradoja en la que se encuentra Entre R\u00edos, una provincia altamente productiva\u201d, al se\u00f1alar que&nbsp;<strong>\u201ces inconcebible que el 50% del empleo formal sea proporcionado por el Estado<\/strong>\u201d. Con esta cr\u00edtica, el gobernador abog\u00f3 por un cambio en el modelo econ\u00f3mico, buscando una mayor apertura para el sector privado y una reducci\u00f3n de la dependencia del empleo p\u00fablico.<\/p>\n\n\n\n<p>Enfatiz\u00f3 que, a pesar de ser la hermana menor en la regi\u00f3n centro, \u201ces esencial trabajar hacia una provincia con condiciones m\u00e1s favorables para el desarrollo del sector privado y la generaci\u00f3n de&nbsp;<strong>empleo independiente del \u00e1mbito estatal.<\/strong>\u201d<\/p>\n","protected":false},"excerpt":{"rendered":"<p>\u201cVamos a salir adelante si fomentamos nuestraseconom\u00edas regionales\u00a0sin trabas ni palos en la rueda\u201d, afirm\u00f3 el gobernador de\u00a0Entre R\u00edos,\u00a0Rogelio Frigerio, tras una reuni\u00f3n con el secretario de Agricultura, Ganader\u00eda y&hellip; <\/p>\n","protected":false},"author":12,"featured_media":117414,"comment_status":"closed","ping_status":"open","sticky":false,"template":"","format":"standard","meta":{"footnotes":""},"categories":[20],"tags":[],"class_list":["post-117413","post","type-post","status-publish","format-standard","has-post-thumbnail","hentry","category-economia"],"_links":{"self":[{"href":"https:\/\/corrientesdetarde.com\/index.php\/wp-json\/wp\/v2\/posts\/117413","targetHints":{"allow":["GET"]}}],"collection":[{"href":"https:\/\/corrientesdetarde.com\/index.php\/wp-json\/wp\/v2\/posts"}],"about":[{"href":"https:\/\/corrientesdetarde.com\/index.php\/wp-json\/wp\/v2\/types\/post"}],"author":[{"embeddable":true,"href":"https:\/\/corrientesdetarde.com\/index.php\/wp-json\/wp\/v2\/users\/12"}],"replies":[{"embeddable":true,"href":"https:\/\/corrientesdetarde.com\/index.php\/wp-json\/wp\/v2\/comments?post=117413"}],"version-history":[{"count":2,"href":"https:\/\/corrientesdetarde.com\/index.php\/wp-json\/wp\/v2\/posts\/117413\/revisions"}],"predecessor-version":[{"id":117424,"href":"https:\/\/corrientesdetarde.com\/index.php\/wp-json\/wp\/v2\/posts\/117413\/revisions\/117424"}],"wp:featuredmedia":[{"embeddable":true,"href":"https:\/\/corrientesdetarde.com\/index.php\/wp-json\/wp\/v2\/media\/117414"}],"wp:attachment":[{"href":"https:\/\/corrientesdetarde.com\/index.php\/wp-json\/wp\/v2\/media?parent=117413"}],"wp:term":[{"taxonomy":"category","embeddable":true,"href":"https:\/\/corrientesdetarde.com\/index.php\/wp-json\/wp\/v2\/categories?post=117413"},{"taxonomy":"post_tag","embeddable":true,"href":"https:\/\/corrientesdetarde.com\/index.php\/wp-json\/wp\/v2\/tags?post=117413"}],"curies":[{"name":"wp","href":"https:\/\/api.w.org\/{rel}","templated":true}]}}