{"id":117442,"date":"2024-01-10T11:41:14","date_gmt":"2024-01-10T14:41:14","guid":{"rendered":"https:\/\/corrientesdetarde.com\/?p=117442"},"modified":"2024-01-10T12:28:33","modified_gmt":"2024-01-10T15:28:33","slug":"presion-belica-kim-jong-un-no-evitara-la-guerra-con-su-enemigo-corea-del-sur","status":"publish","type":"post","link":"https:\/\/corrientesdetarde.com\/index.php\/internacionales\/presion-belica-kim-jong-un-no-evitara-la-guerra-con-su-enemigo-corea-del-sur\/","title":{"rendered":"Presi\u00f3n b\u00e9lica: Kim Jong Un &#8220;no evitar\u00e1 la guerra&#8221; con su enemigo Corea del Sur"},"content":{"rendered":"\n<p>El l\u00edder norcoreano,\u00a0<strong>Kim Jong Un<\/strong>, ha afirmado este mi\u00e9rcoles que &#8220;no evitar\u00e1 la guerra&#8221; con\u00a0<strong>Corea del Sur<\/strong>, pa\u00eds al que considera su &#8220;principal enemigo&#8221;, y ha amenazado con aniquilar el territorio si este &#8220;intenta hacer uso de la fuerza contra\u00a0<strong>Corea del Norte<\/strong>&#8220;.<\/p>\n\n\n\n<p>Durante una serie de inspecciones a las principales f\u00e1bricas de armas y munici\u00f3n,&nbsp;<strong>Kim&nbsp;<\/strong>ha indicado que Pyongyang &#8220;debe reforzar sus capacidades militares para mejorar su defensa y contener la posibilidad de que se desate una guerra nuclear&#8221;.<\/p>\n\n\n\n<p>As\u00ed, ha descartado iniciar una guerra &#8220;unilateralmente&#8221;, pero ha recalcado que &#8220;tampoco la evitar\u00e1&#8221; en caso de que se desate, seg\u00fan informaciones recogidas por la agencia norcoreana de noticias KCNA,<\/p>\n\n\n\n<p>&#8220;Si&nbsp;<strong>Corea del Sur<\/strong>&nbsp;intenta utilizar armas contra&nbsp;<strong>Corea del Norte<\/strong>&nbsp;o amenaza su soberan\u00eda y seguridad, no dudaremos en aniquilaros haciendo uso de todos nuestros medios y la fuerza de nuestras propias manos&#8221;, ha dicho.<\/p>\n\n\n\n<p>Adem\u00e1s, ha expresado su satisfacci\u00f3n por el despliegue de nuevas armas y equipos de cara a una mayor preparaci\u00f3n para un conflicto b\u00e9lico, una postura que Se\u00fal ha rechazado contundentemente por considerarla un &#8220;simple juego de palabras&#8221;.<\/p>\n\n\n\n<p>&#8220;Las declaraciones de&nbsp;<strong>Kim&nbsp;<\/strong>presuponen que&nbsp;<strong>Corea del Sur&nbsp;<\/strong>utilizar\u00e1 la fuerza contra&nbsp;<strong>Corea del Norte<\/strong>&nbsp;a pesar de que nunca lo ha hecho. El Gobierno responder\u00e1 con firmeza a cualquier provocaci\u00f3n de&nbsp;<strong>Corea del Norte<\/strong>. (&#8230;) Cualquier intento de crear tensiones en la pen\u00ednsula de&nbsp;<strong>Corea&nbsp;<\/strong>acabar\u00e1 perjudicando al propio r\u00e9gimen norcoreano&#8221;, ha manifestado un alto cargo del Ministerio de Exteriores, seg\u00fan un comunicado.<\/p>\n\n\n\n<p>Las declaraciones de&nbsp;<strong>Kim&nbsp;<\/strong>llegan despu\u00e9s de que el l\u00edder norcoreano calificara las relaciones entre los dos pa\u00edses como una cuesti\u00f3n &#8220;hostil&#8221; y afirmara que &#8220;no tiene sentido buscar la reconciliaci\u00f3n o unificaci\u00f3n&#8221; del territorio.<\/p>\n\n\n\n<p>Desde entonces, Pyongyang ha intensificado sus ensayos bal\u00edsticos y, durante el fin de semana, ha lanzado cientos de proyectiles desde su costa occidental hacia el mar Amarillo. El lunes, el Ej\u00e9rcito surcoreano anunci\u00f3 que reanudar\u00eda sus disparos de artiller\u00eda y los ejercicios cerca de frontera &#8216;de facto&#8217; mar\u00edtima y terrestre entre los dos pa\u00edses.&nbsp;<\/p>\n","protected":false},"excerpt":{"rendered":"<p>El l\u00edder norcoreano,\u00a0Kim Jong Un, ha afirmado este mi\u00e9rcoles que &#8220;no evitar\u00e1 la guerra&#8221; con\u00a0Corea del Sur, pa\u00eds al que considera su &#8220;principal enemigo&#8221;, y ha amenazado con aniquilar el&hellip; <\/p>\n","protected":false},"author":12,"featured_media":117463,"comment_status":"closed","ping_status":"open","sticky":false,"template":"","format":"standard","meta":{"footnotes":""},"categories":[11],"tags":[],"class_list":["post-117442","post","type-post","status-publish","format-standard","has-post-thumbnail","hentry","category-internacionales"],"_links":{"self":[{"href":"https:\/\/corrientesdetarde.com\/index.php\/wp-json\/wp\/v2\/posts\/117442","targetHints":{"allow":["GET"]}}],"collection":[{"href":"https:\/\/corrientesdetarde.com\/index.php\/wp-json\/wp\/v2\/posts"}],"about":[{"href":"https:\/\/corrientesdetarde.com\/index.php\/wp-json\/wp\/v2\/types\/post"}],"author":[{"embeddable":true,"href":"https:\/\/corrientesdetarde.com\/index.php\/wp-json\/wp\/v2\/users\/12"}],"replies":[{"embeddable":true,"href":"https:\/\/corrientesdetarde.com\/index.php\/wp-json\/wp\/v2\/comments?post=117442"}],"version-history":[{"count":2,"href":"https:\/\/corrientesdetarde.com\/index.php\/wp-json\/wp\/v2\/posts\/117442\/revisions"}],"predecessor-version":[{"id":117477,"href":"https:\/\/corrientesdetarde.com\/index.php\/wp-json\/wp\/v2\/posts\/117442\/revisions\/117477"}],"wp:featuredmedia":[{"embeddable":true,"href":"https:\/\/corrientesdetarde.com\/index.php\/wp-json\/wp\/v2\/media\/117463"}],"wp:attachment":[{"href":"https:\/\/corrientesdetarde.com\/index.php\/wp-json\/wp\/v2\/media?parent=117442"}],"wp:term":[{"taxonomy":"category","embeddable":true,"href":"https:\/\/corrientesdetarde.com\/index.php\/wp-json\/wp\/v2\/categories?post=117442"},{"taxonomy":"post_tag","embeddable":true,"href":"https:\/\/corrientesdetarde.com\/index.php\/wp-json\/wp\/v2\/tags?post=117442"}],"curies":[{"name":"wp","href":"https:\/\/api.w.org\/{rel}","templated":true}]}}