{"id":117444,"date":"2024-01-10T11:36:46","date_gmt":"2024-01-10T14:36:46","guid":{"rendered":"https:\/\/corrientesdetarde.com\/?p=117444"},"modified":"2024-01-10T12:28:43","modified_gmt":"2024-01-10T15:28:43","slug":"la-tensa-negociacion-que-define-el-destino-de-viviana-canosa-en-ln","status":"publish","type":"post","link":"https:\/\/corrientesdetarde.com\/index.php\/informacion-general\/la-tensa-negociacion-que-define-el-destino-de-viviana-canosa-en-ln\/","title":{"rendered":"La tensa negociaci\u00f3n que define el destino de Viviana Canosa en LN+"},"content":{"rendered":"\n<p>En las \u00faltimas semanas, se abrieron diversas conjeturas respecto a la continuidad de\u00a0Viviana Canosa\u00a0en la pantalla de\u00a0LN+, y mientras en algunos portales de espect\u00e1culos dan por hecha la desvinculaci\u00f3n de la conductora de la se\u00f1al de noticias, otras fuentes hablan de una tensa negociaci\u00f3n de la periodista con las autoridades del canal de La Naci\u00f3n.<\/p>\n\n\n\n<p>En este sentido, Augusto Tart\u00fafoli detall\u00f3 en Lanata sin filtr (Radio Mitre) que si bien todav\u00eda no hay una programaci\u00f3n definida para la nueva temporada de&nbsp;<strong>LN+<\/strong>,&nbsp;<strong>Viviana Canosa<\/strong>&nbsp;todav\u00eda est\u00e1 en carrera para tener su lugar en la grilla. &#8220;<em>Quer\u00eda ir al horario que dej\u00f3 libre&nbsp;Joni&nbsp;Viale, para hacer el pase con (Eduardo) Feinmann, que es el momento&nbsp;de mayor rating de La Naci\u00f3n<\/em>&#8220;, explic\u00f3 el periodista sobre la pretensi\u00f3n de la conductora.<\/p>\n\n\n\n<figure class=\"wp-block-image\"><img decoding=\"async\" src=\"https:\/\/www.mdzol.com\/u\/fotografias\/m\/2023\/12\/21\/f768x1-1526474_1526601_4740.jpg\" alt=\"\"\/><figcaption>Versiones cruzadas sobre la situaci\u00f3n de Viviana Canosa en LN+. Foto: Captura de video LN+,<\/figcaption><\/figure>\n\n\n\n<p>Luego, Tart\u00fafoli se\u00f1al\u00f3 que desde\u00a0<strong>LN+<\/strong>\u00a0pretenden que\u00a0<strong>Canosa\u00a0<\/strong>siga en el horario de las 23, pero ella siente que ya &#8220;pag\u00f3 derecho de piso por un horario marginal&#8221;. De esta manera, queda en claro que lejos de estar definido el alejamiento de la pol\u00e9mica conductora del canal de uno de los canales de noticias que lidera la audiencia, todav\u00eda falta la \u00faltima palabra sobre su destino laboral en dicha empresa.<\/p>\n\n\n\n<p>Sin embargo, en los \u00faltimos d\u00edas&nbsp;<strong>Viviana Canosa<\/strong>&nbsp;ha dado claras se\u00f1ales de rispideces con La Naci\u00f3n. Por un lado, este martes dispar\u00f3 contra el medio en cuesti\u00f3n por ocultar un almuerzo que ella tuvo con Jonatan Viale en Punta del Este. Por otro, desde el espacio que ten\u00eda en El Observador, la periodista dio a entender que no estar\u00eda sinti\u00e9ndose a gusto&nbsp;en<strong>&nbsp;LN+<\/strong>.<\/p>\n\n\n\n<figure class=\"wp-block-image\"><img decoding=\"async\" src=\"https:\/\/content.jwplatform.com\/thumbs\/nFQ1e7Ix-720.jpg\" alt=\"Loading video\"\/><\/figure>\n\n\n\n<p>\u201c<em>No me siento valorada, querida, cuidada por la televisi\u00f3n. Me quiero organizar con la radio y despu\u00e9s voy viendo. Ya me salieron laburos en el exterior, cosas que est\u00e1n buenas, quiero ver lo de la televisi\u00f3n<\/em>\u201d, enfatiz\u00f3 recientemente&nbsp;<strong>Viviana Canosa<\/strong>&nbsp;en uno de los pases que hac\u00eda con Yanina Latorre en la radio que dirige Luis Majul.<\/p>\n","protected":false},"excerpt":{"rendered":"<p>En las \u00faltimas semanas, se abrieron diversas conjeturas respecto a la continuidad de\u00a0Viviana Canosa\u00a0en la pantalla de\u00a0LN+, y mientras en algunos portales de espect\u00e1culos dan por hecha la desvinculaci\u00f3n de&hellip; <\/p>\n","protected":false},"author":12,"featured_media":117458,"comment_status":"closed","ping_status":"open","sticky":false,"template":"","format":"standard","meta":{"footnotes":""},"categories":[1],"tags":[],"class_list":["post-117444","post","type-post","status-publish","format-standard","has-post-thumbnail","hentry","category-informacion-general"],"_links":{"self":[{"href":"https:\/\/corrientesdetarde.com\/index.php\/wp-json\/wp\/v2\/posts\/117444","targetHints":{"allow":["GET"]}}],"collection":[{"href":"https:\/\/corrientesdetarde.com\/index.php\/wp-json\/wp\/v2\/posts"}],"about":[{"href":"https:\/\/corrientesdetarde.com\/index.php\/wp-json\/wp\/v2\/types\/post"}],"author":[{"embeddable":true,"href":"https:\/\/corrientesdetarde.com\/index.php\/wp-json\/wp\/v2\/users\/12"}],"replies":[{"embeddable":true,"href":"https:\/\/corrientesdetarde.com\/index.php\/wp-json\/wp\/v2\/comments?post=117444"}],"version-history":[{"count":2,"href":"https:\/\/corrientesdetarde.com\/index.php\/wp-json\/wp\/v2\/posts\/117444\/revisions"}],"predecessor-version":[{"id":117475,"href":"https:\/\/corrientesdetarde.com\/index.php\/wp-json\/wp\/v2\/posts\/117444\/revisions\/117475"}],"wp:featuredmedia":[{"embeddable":true,"href":"https:\/\/corrientesdetarde.com\/index.php\/wp-json\/wp\/v2\/media\/117458"}],"wp:attachment":[{"href":"https:\/\/corrientesdetarde.com\/index.php\/wp-json\/wp\/v2\/media?parent=117444"}],"wp:term":[{"taxonomy":"category","embeddable":true,"href":"https:\/\/corrientesdetarde.com\/index.php\/wp-json\/wp\/v2\/categories?post=117444"},{"taxonomy":"post_tag","embeddable":true,"href":"https:\/\/corrientesdetarde.com\/index.php\/wp-json\/wp\/v2\/tags?post=117444"}],"curies":[{"name":"wp","href":"https:\/\/api.w.org\/{rel}","templated":true}]}}