{"id":117446,"date":"2024-01-10T11:30:17","date_gmt":"2024-01-10T14:30:17","guid":{"rendered":"https:\/\/corrientesdetarde.com\/?p=117446"},"modified":"2024-01-10T12:28:57","modified_gmt":"2024-01-10T15:28:57","slug":"la-polemica-decision-de-noruega-el-primer-pais-del-mundo-en-aprobar-la-mineria-en-el-fondo-marino","status":"publish","type":"post","link":"https:\/\/corrientesdetarde.com\/index.php\/internacionales\/la-polemica-decision-de-noruega-el-primer-pais-del-mundo-en-aprobar-la-mineria-en-el-fondo-marino\/","title":{"rendered":"La pol\u00e9mica decisi\u00f3n de Noruega, el primer pa\u00eds del mundo en aprobar la miner\u00eda en el fondo marino"},"content":{"rendered":"\n<p><strong>Noruega se convirti\u00f3 en el primer pa\u00eds del mundo en autorizar la controvertida pr\u00e1ctica de la miner\u00eda en aguas profundas a escala comercial.<\/strong><\/p>\n\n\n\n<p>El proyecto de ley que se aprob\u00f3 el martes va a acelerar la b\u00fasqueda de metales preciosos, los cuales tienen una gran demanda en la industria de tecnolog\u00edas verdes.<\/p>\n\n\n\n<p>Los cient\u00edficos ambientales han advertido que la aprobaci\u00f3n del proyecto podr\u00eda tener efectos devastadores para la vida marina.<\/p>\n\n\n\n<p>El plan se circunscribe a aguas noruegas,&nbsp;<strong>pero este a\u00f1o podr\u00eda alcanzarse un acuerdo sobre miner\u00eda en aguas internacionales.<\/strong><\/p>\n\n\n\n<p>El gobierno noruego dijo que estaba siendo cauteloso y que s\u00f3lo comenzar\u00eda a emitir licencias una vez que se llevaran a cabo m\u00e1s estudios ambientales.<\/p>\n\n\n\n<h2 class=\"wp-block-heading\">Tesoro en las profundidades<\/h2>\n\n\n\n<figure class=\"wp-block-image\"><img decoding=\"async\" src=\"https:\/\/www.mdzol.com\/u\/fotografias\/m\/2024\/1\/10\/f768x432-1534055_1581469_5050.jpg\" alt=\"\"\/><figcaption>Foto: GETTY IMAGES<br>El conocimiento sobre las criaturas que viven en las profundidades del mar y que podr\u00edan verse afectadas por la miner\u00eda es limitado.<\/figcaption><\/figure>\n\n\n\n<p>Las profundidades del mar albergan rocas del tama\u00f1o de una papa que se conocen como n\u00f3dulos y costras:&nbsp;<strong>\u00e9stas contienen minerales como litio, escandio y cobalto, fundamentales para las tecnolog\u00edas limpias, incluidas las bater\u00edas.<\/strong><\/p>\n\n\n\n<p>La propuesta de Noruega le permitir\u00e1 a las empresas mineras presentar solicitudes para explotar unos 280.000 kil\u00f3metros cuadrados, un \u00e1rea mayor que el tama\u00f1o de Reino Unido.<\/p>\n\n\n\n<p>Aunque estos minerales est\u00e1n disponibles en tierra, est\u00e1n concentrados en unos pocos pa\u00edses, por lo que su suministro puede llegar a estar en riesgo. Por ejemplo, la Rep\u00fablica Democr\u00e1tica del Congo es due\u00f1a de algunas de las mayores reservas de cobalto, pero enfrenta conflictos en algunas partes del pa\u00eds.<\/p>\n\n\n\n<p>Walter Sognnes, cofundador de la empresa minera noruega Loke Minerals -que planea solicitar una licencia-&nbsp;<strong>reconoci\u00f3 que es necesario hacer m\u00e1s para comprender las profundidades del oc\u00e9ano antes de que comience la miner\u00eda.<\/strong><\/p>\n\n\n\n<p>Le dijo a la BBC: &#8220;Tendremos un per\u00edodo relativamente largo de actividad de exploraci\u00f3n y mapeo para cerrar la brecha de conocimiento sobre el impacto ambiental&#8221;.<\/p>\n\n\n\n<h2 class=\"wp-block-heading\">Las cr\u00edticas<\/h2>\n\n\n\n<p>Martin Webeler, activista de los oc\u00e9anos e investigador de la Fundaci\u00f3n de Justicia Ambiental, dijo que el anuncio es &#8220;catastr\u00f3fico&#8221; para el h\u00e1bitat del oc\u00e9ano.<\/p>\n\n\n\n<p><strong>&#8220;El gobierno noruego siempre destac\u00f3 que quiere implementar los m\u00e1s altos est\u00e1ndares ambientales&#8221;<\/strong>, dijo.<\/p>\n\n\n\n<p><strong>&#8220;Es hipocres\u00eda mientras se desestiman todos los consejos cient\u00edficos&#8221;.<\/strong><\/p>\n\n\n\n<p>Dijo que las empresas mineras deber\u00edan centrarse en prevenir da\u00f1os ambientales en las operaciones actuales, en vez de abrir una industria completamente nueva.<\/p>\n\n\n\n<p>La medida pone al pa\u00eds en desacuerdo con la UE y Reino Unido, quienes han solicitado una prohibici\u00f3n temporal de la pr\u00e1ctica debido a las preocupaciones existentes sobre posibles da\u00f1os ambientales.<\/p>\n\n\n\n<p>Las t\u00e9cnicas para recolectar minerales del fondo marino podr\u00edan generar una importante contaminaci\u00f3n ac\u00fastica y lum\u00ednica, as\u00ed como da\u00f1os al h\u00e1bitat de los organismos que dependen de los n\u00f3dulos, seg\u00fan la Uni\u00f3n Internacional para la Conservaci\u00f3n de la Naturaleza (UICN).<\/p>\n\n\n\n<p>En noviembre, en una medida inusual,&nbsp;<strong>120 legisladores de la UE escribieron una carta abierta pidi\u00e9ndole al parlamento noruego que rechazara el proyecto<\/strong>&nbsp;debido al &#8220;riesgo de tal actividad para la biodiversidad marina y la aceleraci\u00f3n del cambio clim\u00e1tico&#8221;.<\/p>\n\n\n\n<p>La carta tambi\u00e9n dec\u00eda que la evaluaci\u00f3n de impacto realizada por Noruega ten\u00eda demasiadas lagunas de conocimiento.<\/p>\n\n\n\n<h2 class=\"wp-block-heading\">Lo que dice el Gobierno<\/h2>\n\n\n\n<figure class=\"wp-block-image\"><img decoding=\"async\" src=\"https:\/\/www.mdzol.com\/u\/fotografias\/m\/2024\/1\/10\/f768x432-1534056_1581470_5050.jpg\" alt=\"\"\/><figcaption>Foto: GETTY IMAGES<br>Los ambientalistas temen que especies de ballenas como la jorobada puedan verse afectadas por la miner\u00eda en aguas profundas.<\/figcaption><\/figure>\n\n\n\n<p>Adem\u00e1s de las cr\u00edticas externas, el gobierno noruego tambi\u00e9n ha enfrentado el rechazo de sus propios expertos.<\/p>\n\n\n\n<p>El Instituto Noruego de Investigaci\u00f3n Marina (IMR) dijo que&nbsp;<strong>el gobierno hab\u00eda hecho suposiciones bas\u00e1ndose en una peque\u00f1a \u00e1rea de investigaci\u00f3n y las hab\u00eda aplicado a toda el \u00e1rea planificada para la perforaci\u00f3n.<\/strong><\/p>\n\n\n\n<p>Se estima que se necesitan entre cinco y diez a\u00f1os m\u00e1s de investigaci\u00f3n para entender los impactos en las especies.<\/p>\n\n\n\n<p>El gobierno noruego no permitir\u00e1 que las empresas comiencen a perforar de inmediato.<\/p>\n\n\n\n<p>Tendr\u00e1n que presentar propuestas, incluidas evaluaciones ambientales, para una licencia que luego ser\u00e1 aprobada caso por caso por el parlamento.<\/p>\n\n\n\n<p>Marianne Sivertsen N\u00e6ss, presidenta del Comit\u00e9 Permanente sobre Energ\u00eda y Medio Ambiente, examin\u00f3 el plan original y le dijo a la BBC que el gobierno noruego estaba adoptando un &#8220;enfoque de precauci\u00f3n ante las actividades mineras&#8221;.<\/p>\n\n\n\n<p>Dijo: &#8220;<strong>Actualmente no tenemos los conocimientos necesarios para extraer minerales del fondo marino en la forma necesaria<\/strong>. La propuesta del gobierno de abrir un \u00e1rea de actividad le permite a los actores privados explorar y adquirir conocimientos y datos de las \u00e1reas en cuesti\u00f3n. Abrir las \u00e1reas no es lo mismo que aprobar la extracci\u00f3n de minerales del fondo marino&#8221;.<\/p>\n\n\n\n<p>Sognnes, de Loke Minerals, a\u00f1adi\u00f3 que el plan del gobierno atraer\u00eda inversiones muy necesarias del sector privado para la investigaci\u00f3n de entornos marinos profundos.<\/p>\n\n\n\n<p>&#8220;Desarrollar conocimiento en las profundidades del oc\u00e9ano es muy costoso, es necesario operar robots y estos son muy costosos y desafortunadamente las universidades tienen acceso limitado a este tipo de herramientas&#8221;, dijo.<\/p>\n\n\n\n<p>Estim\u00f3 que cualquier extracci\u00f3n real no comenzar\u00eda sino hasta principios de la d\u00e9cada de 2030.<\/p>\n\n\n\n<p>Los activistas argumentan que se deber\u00eda&nbsp;<strong>invertir m\u00e1s en reciclar y reutilizar los minerales existentes<\/strong>&nbsp;que hemos extra\u00eddo en tierra.<\/p>\n\n\n\n<p>La Fundaci\u00f3n para la Justicia Ambiental estima en un informe que se podr\u00edan recuperar 16.000 toneladas de cobalto por a\u00f1o, alrededor del 10% de la producci\u00f3n anual, mediante una mejor recolecci\u00f3n y reciclaje de tel\u00e9fonos m\u00f3viles.<\/p>\n\n\n\n<p>Si bien la propuesta de Noruega se refiere a sus aguas nacionales, contin\u00faan las negociaciones sobre si se podr\u00edan emitir licencias para mares internacionales.<\/p>\n\n\n\n<p>La Autoridad Internacional de los Fondos Marinos (ISA), un organismo afiliado a la ONU, se reunir\u00e1 este a\u00f1o para intentar finalizar las reglas, a trav\u00e9s de una votaci\u00f3n final.<\/p>\n","protected":false},"excerpt":{"rendered":"<p>Noruega se convirti\u00f3 en el primer pa\u00eds del mundo en autorizar la controvertida pr\u00e1ctica de la miner\u00eda en aguas profundas a escala comercial. El proyecto de ley que se aprob\u00f3&hellip; <\/p>\n","protected":false},"author":12,"featured_media":117450,"comment_status":"closed","ping_status":"open","sticky":false,"template":"","format":"standard","meta":{"footnotes":""},"categories":[11],"tags":[],"class_list":["post-117446","post","type-post","status-publish","format-standard","has-post-thumbnail","hentry","category-internacionales"],"_links":{"self":[{"href":"https:\/\/corrientesdetarde.com\/index.php\/wp-json\/wp\/v2\/posts\/117446","targetHints":{"allow":["GET"]}}],"collection":[{"href":"https:\/\/corrientesdetarde.com\/index.php\/wp-json\/wp\/v2\/posts"}],"about":[{"href":"https:\/\/corrientesdetarde.com\/index.php\/wp-json\/wp\/v2\/types\/post"}],"author":[{"embeddable":true,"href":"https:\/\/corrientesdetarde.com\/index.php\/wp-json\/wp\/v2\/users\/12"}],"replies":[{"embeddable":true,"href":"https:\/\/corrientesdetarde.com\/index.php\/wp-json\/wp\/v2\/comments?post=117446"}],"version-history":[{"count":2,"href":"https:\/\/corrientesdetarde.com\/index.php\/wp-json\/wp\/v2\/posts\/117446\/revisions"}],"predecessor-version":[{"id":117473,"href":"https:\/\/corrientesdetarde.com\/index.php\/wp-json\/wp\/v2\/posts\/117446\/revisions\/117473"}],"wp:featuredmedia":[{"embeddable":true,"href":"https:\/\/corrientesdetarde.com\/index.php\/wp-json\/wp\/v2\/media\/117450"}],"wp:attachment":[{"href":"https:\/\/corrientesdetarde.com\/index.php\/wp-json\/wp\/v2\/media?parent=117446"}],"wp:term":[{"taxonomy":"category","embeddable":true,"href":"https:\/\/corrientesdetarde.com\/index.php\/wp-json\/wp\/v2\/categories?post=117446"},{"taxonomy":"post_tag","embeddable":true,"href":"https:\/\/corrientesdetarde.com\/index.php\/wp-json\/wp\/v2\/tags?post=117446"}],"curies":[{"name":"wp","href":"https:\/\/api.w.org\/{rel}","templated":true}]}}