{"id":117492,"date":"2024-01-10T15:22:48","date_gmt":"2024-01-10T18:22:48","guid":{"rendered":"https:\/\/corrientesdetarde.com\/?p=117492"},"modified":"2024-01-10T15:22:52","modified_gmt":"2024-01-10T18:22:52","slug":"tassano-superviso-avance-de-obras-de-cordoncuneta-y-cloaca-en-el-barrio-san-geronimo","status":"publish","type":"post","link":"https:\/\/corrientesdetarde.com\/index.php\/actualidad\/tassano-superviso-avance-de-obras-de-cordoncuneta-y-cloaca-en-el-barrio-san-geronimo\/","title":{"rendered":"<strong>Tassano supervis\u00f3 avance de obras de cord\u00f3n<br>cuneta y cloaca en el barrio San Ger\u00f3nimo<\/strong>"},"content":{"rendered":"\n<p>\u201cEsta transformaci\u00f3n de la infraestructura de la ciudad es posible gracias al trabajo en conjunto con la Provincia\u201d, valor\u00f3 el intendente en su recorrida por la zona donde ya se llevan ejecutadas 47 cuadras de cord\u00f3n cuneta y se trabaja en 67 conexiones cloacales. Adem\u00e1s, al concluir la segunda etapa del plan de trabajo se avanzar\u00e1 con la colocaci\u00f3n de m\u00e1s luminaria led en el barrio.<\/p>\n\n\n\n<p>El intendente Eduardo Tassano recorri\u00f3 en la ma\u00f1ana de este mi\u00e9rcoles el barrio San Ger\u00f3nimo donde la Municipalidad de la ciudad de Corrientes avanza con el plan de trabajo planificado entre el Municipio y la Provincia para la ejecuci\u00f3n de m\u00faltiples obras que mejoren la calidad de vida a los vecinos de esa zona de Capital.<br>En el San Ger\u00f3nimo, actualmente se est\u00e1 avanzando en la realizaci\u00f3n de cord\u00f3n cuneta en 23 cuadras, que se suman a las 47 cuadras ya concretadas. Contemplan el \u00e1rea comprendida entre la avenida Armenia hasta la avenida Ra\u00fal Alfons\u00edn (exCentenario), abarcando la columna vertebral del barrio: la avenida Laprida.<br>A la vez, se trabaja sobre 67 conexiones cloacales con el fin de ampliar la red cloacal en la zona.<br>Ambas obras -cord\u00f3n cuneta y cloacas- son esenciales ya que mejoran la calidad de vida de los vecinos porque no s\u00f3lo aporta a la salubridad del vecindario, al eliminarse las zanjas, sino que tambi\u00e9n permite proyectar importantes mejoras viales a futuro.<br>Adem\u00e1s, se trabaja en la colocaci\u00f3n de nueva luminaria led que se suma a las m\u00e1s de 475 puestas en funcionamiento en las diferentes arterias del barrio.<br><br>SUPERVISACION DEL TRABAJO<br>\u201cEstamos siguiendo las obras viales para garantizar que todo el barrio San Ger\u00f3nimo y todos los vecinos tengan infraestructura vial y cloaca\u201d, indic\u00f3 el intendente al supervisar las obras que se ejecutan en la zona.<br>Tambi\u00e9n resalt\u00f3 que todas estas obras de infraestructura \u201cson posibles gracias al trabajo en conjunto con la Provincia\u201d.<br><br>AVANCES EN LAS OBRAS<br>Por su parte, el secretario de Infraestructura municipal, Math\u00edas Cabrera especific\u00f3 que \u201cestamos recorriendo la segunda etapa de las obras de cord\u00f3n cuneta y enripiado de la zona\u201d y luego brind\u00f3 detalles de las tareas implementadas. Adem\u00e1s, agreg\u00f3 que \u201ctambi\u00e9n avanzamos en el saneamiento de la zona para mejorar la calidad de vida de los vecinos\u201d resaltando la importancia de estas acciones para evitar inundaciones y resalt\u00f3 que seguir\u00e1n generando obras para el barrio.<\/p>\n\n\n\n<figure class=\"wp-block-image size-large\"><img loading=\"lazy\" decoding=\"async\" width=\"1024\" height=\"682\" src=\"https:\/\/corrientesdetarde.com\/wp-content\/uploads\/2024\/01\/not-11-1024x682.jpg\" alt=\"\" class=\"wp-image-117500\" srcset=\"https:\/\/corrientesdetarde.com\/wp-content\/uploads\/2024\/01\/not-11-1024x682.jpg 1024w, https:\/\/corrientesdetarde.com\/wp-content\/uploads\/2024\/01\/not-11-300x200.jpg 300w, https:\/\/corrientesdetarde.com\/wp-content\/uploads\/2024\/01\/not-11-768x512.jpg 768w, https:\/\/corrientesdetarde.com\/wp-content\/uploads\/2024\/01\/not-11.jpg 1280w\" sizes=\"auto, (max-width: 1024px) 100vw, 1024px\" \/><\/figure>\n\n\n\n<figure class=\"wp-block-image size-large\"><img loading=\"lazy\" decoding=\"async\" width=\"1024\" height=\"682\" src=\"https:\/\/corrientesdetarde.com\/wp-content\/uploads\/2024\/01\/not-22-1024x682.jpg\" alt=\"\" class=\"wp-image-117501\" srcset=\"https:\/\/corrientesdetarde.com\/wp-content\/uploads\/2024\/01\/not-22-1024x682.jpg 1024w, https:\/\/corrientesdetarde.com\/wp-content\/uploads\/2024\/01\/not-22-300x200.jpg 300w, https:\/\/corrientesdetarde.com\/wp-content\/uploads\/2024\/01\/not-22-768x512.jpg 768w, https:\/\/corrientesdetarde.com\/wp-content\/uploads\/2024\/01\/not-22.jpg 1280w\" sizes=\"auto, (max-width: 1024px) 100vw, 1024px\" \/><\/figure>\n","protected":false},"excerpt":{"rendered":"<p>\u201cEsta transformaci\u00f3n de la infraestructura de la ciudad es posible gracias al trabajo en conjunto con la Provincia\u201d, valor\u00f3 el intendente en su recorrida por la zona donde ya se&hellip; <\/p>\n","protected":false},"author":12,"featured_media":117499,"comment_status":"closed","ping_status":"open","sticky":false,"template":"","format":"standard","meta":{"footnotes":""},"categories":[23],"tags":[],"class_list":["post-117492","post","type-post","status-publish","format-standard","has-post-thumbnail","hentry","category-actualidad"],"_links":{"self":[{"href":"https:\/\/corrientesdetarde.com\/index.php\/wp-json\/wp\/v2\/posts\/117492","targetHints":{"allow":["GET"]}}],"collection":[{"href":"https:\/\/corrientesdetarde.com\/index.php\/wp-json\/wp\/v2\/posts"}],"about":[{"href":"https:\/\/corrientesdetarde.com\/index.php\/wp-json\/wp\/v2\/types\/post"}],"author":[{"embeddable":true,"href":"https:\/\/corrientesdetarde.com\/index.php\/wp-json\/wp\/v2\/users\/12"}],"replies":[{"embeddable":true,"href":"https:\/\/corrientesdetarde.com\/index.php\/wp-json\/wp\/v2\/comments?post=117492"}],"version-history":[{"count":2,"href":"https:\/\/corrientesdetarde.com\/index.php\/wp-json\/wp\/v2\/posts\/117492\/revisions"}],"predecessor-version":[{"id":117550,"href":"https:\/\/corrientesdetarde.com\/index.php\/wp-json\/wp\/v2\/posts\/117492\/revisions\/117550"}],"wp:featuredmedia":[{"embeddable":true,"href":"https:\/\/corrientesdetarde.com\/index.php\/wp-json\/wp\/v2\/media\/117499"}],"wp:attachment":[{"href":"https:\/\/corrientesdetarde.com\/index.php\/wp-json\/wp\/v2\/media?parent=117492"}],"wp:term":[{"taxonomy":"category","embeddable":true,"href":"https:\/\/corrientesdetarde.com\/index.php\/wp-json\/wp\/v2\/categories?post=117492"},{"taxonomy":"post_tag","embeddable":true,"href":"https:\/\/corrientesdetarde.com\/index.php\/wp-json\/wp\/v2\/tags?post=117492"}],"curies":[{"name":"wp","href":"https:\/\/api.w.org\/{rel}","templated":true}]}}