{"id":118037,"date":"2024-01-12T21:56:29","date_gmt":"2024-01-13T00:56:29","guid":{"rendered":"https:\/\/corrientesdetarde.com\/?p=118037"},"modified":"2024-01-12T21:56:34","modified_gmt":"2024-01-13T00:56:34","slug":"franco-armani-despejo-dudas-sobre-su-futuro-siempre-quise-seguir-en-river","status":"publish","type":"post","link":"https:\/\/corrientesdetarde.com\/index.php\/deportes\/franco-armani-despejo-dudas-sobre-su-futuro-siempre-quise-seguir-en-river\/","title":{"rendered":"Franco Armani despej\u00f3 dudas sobre su futuro: \u201cSiempre quise seguir en River\u201d"},"content":{"rendered":"\n<p>Adem\u00e1s, habl\u00f3 del fallido retorno del colombiano Rafael Santos Borr\u00e9, el fanatismo del arquero marroqu\u00ed Yassine Bounou por el \u201cMillonario\u201d y los elogios para una de las j\u00f3venes promesas Agust\u00edn Ruberto.<\/p>\n\n\n\n<p><strong>El arquero de River Franco Armani\u00a0<\/strong>despej\u00f3 dudas sobre su futuro y\u00a0<strong>afirm\u00f3 que siempre quiso seguir en el club\u00a0<\/strong>de N\u00fa\u00f1ez. Adem\u00e1s, habl\u00f3 del<strong>\u00a0fallido retorno del colombiano\u00a0Rafael Santos Borr\u00e9<\/strong>, el\u00a0<strong>fanatismo del arquero marroqu\u00ed Yassine Bounou<\/strong>\u00a0por el \u201cMillonario\u201d y los\u00a0<strong>elogios para una de las j\u00f3venes promesas Agust\u00edn Ruberto.<\/strong><\/p>\n\n\n\n<p>El \u201cMillonario\u201d, encabezado por el entrenador Demichelis, contin\u00faa prepar\u00e1ndose en la ciudad estadounidense de Brandenton para lo que ser\u00e1 este&nbsp;<strong>2024 donde competir\u00e1 por la Copa de la Liga, la Liga Profesional de F\u00fatbol, la Copa Argentina y la Copa Libertadores de Am\u00e9rica. &nbsp;<\/strong><\/p>\n\n\n\n<p>Uno de los referentes del equipo, el arquero Franco Armani, despej\u00f3 rumores sobre un posible futuro en otro lugar lejos de N\u00fa\u00f1ez:<strong>&nbsp;&#8220;Durante el a\u00f1o pasado hubo muchos rumores. Pero ofertas no hab\u00eda ninguna. En mi cabeza siempre quise seguir en River. Me gusta cumplir mis contratos y esa era mi idea este a\u00f1o. Cada a\u00f1o que inicia, me siento bien y c\u00f3modo ac\u00e1. Estoy en el lugar que quiero estar&#8221;.<\/strong><\/p>\n\n\n\n<p><strong>&#8220;El a\u00f1o pasado empezaron a correr un mont\u00f3n de rumores sobre mi continuidad. Y todav\u00eda me quedaba un a\u00f1o de contrato ac\u00e1. No ten\u00eda pensado salir de River, es la realidad. Cuando llegu\u00e9, dije que mi idea era retirarme en Nacional, pero la vida da muchas vueltas y uno no sabe qu\u00e9 va a pasar. Disfruto un mont\u00f3n estando en River, de los hinchas, del estadio&#8230; siempre quise quedarme ac\u00e1. Mi cabeza estuvo ac\u00e1 todo el tiempo. Ahora comienza otro a\u00f1o y se renuevan las ilusiones. Queremos seguir con nuevos objetivos y ganando muchas cosas. Esta instituci\u00f3n demanda ganar t\u00edtulos&#8221;<\/strong>&nbsp;agreg\u00f3 el futbolista de 37 a\u00f1os.<\/p>\n\n\n\n<p>Adem\u00e1s, el jugador oriundo de Casilda se refiri\u00f3 al fallido retorno del colombiano Rafael Santos Borr\u00e9 a River:<strong>&nbsp;&#8220;No tuve la oportunidad de charlar con Rafa. Obviamente uno no se puede meter ah\u00ed, es una decisi\u00f3n personal. Yo quer\u00eda que Rafa volviera, que viniera a River. Sabemos la gran calidad que tiene, como jugador y persona. Pero es una decisi\u00f3n familiar imagino y contra eso no se puede hacer nada&#8221;.<\/strong><\/p>\n\n\n\n<p>Tambi\u00e9n, Franco Armani habl\u00f3 sobre su colega marroqu\u00ed Yassine Bounou que se declar\u00f3 fan\u00e1tico del \u201cMillonario\u201d y que sue\u00f1a con vestir, en alg\u00fan momento, los colores riverplatenses:\u00a0<strong>\u00a0&#8220;Lo de Bono me cay\u00f3 muy bien. Siempre habl\u00f3 de buena manera y educaci\u00f3n. Si es el sue\u00f1o de \u00e9l cumplir esa expectativa, bienvenido sea. Contra eso yo no tengo nada. Siempre tuvo buenos deseos para conmigo. De mi parte, bienvenido a\u00a0River. Ya llegar\u00e1 el momento. Si es un deseo, se le va a cumplir&#8221;.<\/strong><\/p>\n\n\n\n<p>Por \u00faltimo, el arquero formado en Ferro Carril Oeste se deshizo en elogios para con Agust\u00edn Ruberto, una de las grandes j\u00f3venes promesas que tiene el club:&nbsp;<strong>\u201cRuberto tiene muy buena calidad. Como todo chico, todav\u00eda tiene para seguir mejorando, pero adentro del \u00e1rea tiene muy buenos rendimientos y desmarques. Hay que acompa\u00f1arlo y aconsejarlo. Tiene mucho para aprender de los m\u00e1s grandes, como Miguel Borja. De chico hay que mirar esa clase de jugadores para seguir aprendiendo\u201d.<\/strong><\/p>\n","protected":false},"excerpt":{"rendered":"<p>Adem\u00e1s, habl\u00f3 del fallido retorno del colombiano Rafael Santos Borr\u00e9, el fanatismo del arquero marroqu\u00ed Yassine Bounou por el \u201cMillonario\u201d y los elogios para una de las j\u00f3venes promesas Agust\u00edn&hellip; <\/p>\n","protected":false},"author":4,"featured_media":118038,"comment_status":"closed","ping_status":"open","sticky":false,"template":"","format":"standard","meta":{"footnotes":""},"categories":[4],"tags":[],"class_list":["post-118037","post","type-post","status-publish","format-standard","has-post-thumbnail","hentry","category-deportes"],"_links":{"self":[{"href":"https:\/\/corrientesdetarde.com\/index.php\/wp-json\/wp\/v2\/posts\/118037","targetHints":{"allow":["GET"]}}],"collection":[{"href":"https:\/\/corrientesdetarde.com\/index.php\/wp-json\/wp\/v2\/posts"}],"about":[{"href":"https:\/\/corrientesdetarde.com\/index.php\/wp-json\/wp\/v2\/types\/post"}],"author":[{"embeddable":true,"href":"https:\/\/corrientesdetarde.com\/index.php\/wp-json\/wp\/v2\/users\/4"}],"replies":[{"embeddable":true,"href":"https:\/\/corrientesdetarde.com\/index.php\/wp-json\/wp\/v2\/comments?post=118037"}],"version-history":[{"count":1,"href":"https:\/\/corrientesdetarde.com\/index.php\/wp-json\/wp\/v2\/posts\/118037\/revisions"}],"predecessor-version":[{"id":118039,"href":"https:\/\/corrientesdetarde.com\/index.php\/wp-json\/wp\/v2\/posts\/118037\/revisions\/118039"}],"wp:featuredmedia":[{"embeddable":true,"href":"https:\/\/corrientesdetarde.com\/index.php\/wp-json\/wp\/v2\/media\/118038"}],"wp:attachment":[{"href":"https:\/\/corrientesdetarde.com\/index.php\/wp-json\/wp\/v2\/media?parent=118037"}],"wp:term":[{"taxonomy":"category","embeddable":true,"href":"https:\/\/corrientesdetarde.com\/index.php\/wp-json\/wp\/v2\/categories?post=118037"},{"taxonomy":"post_tag","embeddable":true,"href":"https:\/\/corrientesdetarde.com\/index.php\/wp-json\/wp\/v2\/tags?post=118037"}],"curies":[{"name":"wp","href":"https:\/\/api.w.org\/{rel}","templated":true}]}}