{"id":118040,"date":"2024-01-12T22:14:37","date_gmt":"2024-01-13T01:14:37","guid":{"rendered":"https:\/\/corrientesdetarde.com\/?p=118040"},"modified":"2024-01-12T22:15:32","modified_gmt":"2024-01-13T01:15:32","slug":"esta-noche-inicia-la-33-edicion-de-la-mayor-celebracion-chamamecera-de-corrientes","status":"publish","type":"post","link":"https:\/\/corrientesdetarde.com\/index.php\/cultura\/esta-noche-inicia-la-33-edicion-de-la-mayor-celebracion-chamamecera-de-corrientes\/","title":{"rendered":"Esta noche inicia la 33 edici\u00f3n de la mayor celebraci\u00f3n chamamecera de Corrientes"},"content":{"rendered":"\n<p>El anfiteatro Mario del Tr\u00e1nsito Cocomarola se prepara para la jornada inaugural de la 33\u00aa Fiesta Nacional del Chamam\u00e9, 19\u00aa Fiesta del Mercosur y 3\u00aa Celebraci\u00f3n Mundial, que se realizar\u00e1 hoy viernes 12 de enero, a partir de las 20, en el m\u00edtico escenario Osvaldo Sosa Cordero.<\/p>\n\n\n\n<p>La celebraci\u00f3n se ha convertido en un evento esperado por turistas de toda la regi\u00f3n y el pa\u00eds. Por lo tanto, el Ministerio de Turismo de la Provincia ocupar\u00e1 un espacio destacado en la fiesta, brindando a los visitantes la oportunidad de conocer m\u00e1s sobre los productos y destinos que Corrientes tiene para ofrecer durante la temporada de verano.<\/p>\n\n\n\n<p>Asimismo, se suma a esta Fiesta la Red de Cocineros del Iber\u00e1, destacando lo mejor de la gastronom\u00eda correntina a lo largo de las 10 lunas chamameceras. La oferta culinaria refleja la diversidad y autenticidad de la cocina local, Desde platos tradicionales hasta opciones innovadoras,<\/p>\n\n\n\n<p>Es as\u00ed que uno de los puntos destacados ser\u00e1 la presencia de un living acondicionado de atenci\u00f3n tur\u00edstica, donde representantes de distintos municipios mostrar\u00e1n las alternativas complementarias que ofrece la provincia en t\u00e9rminos tur\u00edsticos y culturales. Se resaltar\u00e1 el concepto de naturaleza y sostenibilidad, promoviendo la oferta integral de destinos que Corrientes tiene para ofrecer a lo largo del a\u00f1o.<\/p>\n\n\n\n<p><\/p>\n\n\n\n<p>Durante las 10 noches de la Fiesta, el personal t\u00e9cnico estar\u00e1 disponible para brindar tanto a turistas y visitantes informaci\u00f3n detallada y promover la variada oferta de alojamientos que convierte a Corrientes en una opci\u00f3n atractiva durante todo el a\u00f1o. Esta iniciativa busca consolidar a la provincia como destino tur\u00edstico, destacando la belleza natural y la riqueza cultural que la distinguen.<\/p>\n\n\n\n<p>La Fiesta Nacional del Chamam\u00e9 se perfila no s\u00f3lo como un evento musical, sino como una ventana que abre puertas a las maravillas que ofrece Corrientes como Provincia.<\/p>\n\n\n\n<p>Destac\u00f3 adem\u00e1s que \u201ca pesar de que es un a\u00f1o dif\u00edcil, el Gobierno de la Provincia se comprometi\u00f3 a sostener una de las grandes fiestas de Corrientes, que tienen un gran impacto en la econom\u00eda local, redundando positivamente en hoteler\u00eda, gastronom\u00eda, y en el desarrollo tur\u00edstico en general, adem\u00e1s de significar trabajo para los artistas y t\u00e9cnicos que conforman el gran equipo que hace posible esta celebraci\u00f3n\u201d.<\/p>\n\n\n\n<p>En esta noche inaugural subir\u00e1n al escenario Americanta (Paraguay), el Ballet Oficial de la Fiesta Nacional del Chamam\u00e9, Chamameceros de Ley, Eduardo Sc\u00f3fano, Ernestito Montiel y su Cuarteto Santa Ana, Gianella Niwoyda, Grupo de Buena Fe \u2013 Grupo San Jos\u00e9, H\u00e9roes de Malvinas, Ismael Echag\u00fce (Paraguay), Juan Cabrera, Juan Pablo Barber\u00e1n, Juancito G\u00fcenaga, Los Mercede\u00f1os, Marcia M\u00fcller, Pablo Bentos, Paquito Aranda y una producci\u00f3n especial con invitados, Renato Fagundes (Brasil), Silvina Escalante, Tallar\u00edn y sus Espuelas del Litoral, Tupa Noy, la ganadora de la Pre Fiesta en el rubro Solista Vocal Femenino: Yanela Mar\u00eda Itat\u00ed Molina, el Bocha Sheridan y Ra\u00fal Barboza.<\/p>\n\n\n\n<figure class=\"wp-block-image size-large\"><img loading=\"lazy\" decoding=\"async\" width=\"1024\" height=\"673\" src=\"https:\/\/corrientesdetarde.com\/wp-content\/uploads\/2024\/01\/image-143-1024x673.png\" alt=\"\" class=\"wp-image-118046\" srcset=\"https:\/\/corrientesdetarde.com\/wp-content\/uploads\/2024\/01\/image-143-1024x673.png 1024w, https:\/\/corrientesdetarde.com\/wp-content\/uploads\/2024\/01\/image-143-300x197.png 300w, https:\/\/corrientesdetarde.com\/wp-content\/uploads\/2024\/01\/image-143-768x505.png 768w, https:\/\/corrientesdetarde.com\/wp-content\/uploads\/2024\/01\/image-143.png 1266w\" sizes=\"auto, (max-width: 1024px) 100vw, 1024px\" \/><\/figure>\n","protected":false},"excerpt":{"rendered":"<p>El anfiteatro Mario del Tr\u00e1nsito Cocomarola se prepara para la jornada inaugural de la 33\u00aa Fiesta Nacional del Chamam\u00e9, 19\u00aa Fiesta del Mercosur y 3\u00aa Celebraci\u00f3n Mundial, que se realizar\u00e1&hellip; <\/p>\n","protected":false},"author":4,"featured_media":118042,"comment_status":"closed","ping_status":"open","sticky":false,"template":"","format":"standard","meta":{"footnotes":""},"categories":[15],"tags":[],"class_list":["post-118040","post","type-post","status-publish","format-standard","has-post-thumbnail","hentry","category-cultura"],"_links":{"self":[{"href":"https:\/\/corrientesdetarde.com\/index.php\/wp-json\/wp\/v2\/posts\/118040","targetHints":{"allow":["GET"]}}],"collection":[{"href":"https:\/\/corrientesdetarde.com\/index.php\/wp-json\/wp\/v2\/posts"}],"about":[{"href":"https:\/\/corrientesdetarde.com\/index.php\/wp-json\/wp\/v2\/types\/post"}],"author":[{"embeddable":true,"href":"https:\/\/corrientesdetarde.com\/index.php\/wp-json\/wp\/v2\/users\/4"}],"replies":[{"embeddable":true,"href":"https:\/\/corrientesdetarde.com\/index.php\/wp-json\/wp\/v2\/comments?post=118040"}],"version-history":[{"count":2,"href":"https:\/\/corrientesdetarde.com\/index.php\/wp-json\/wp\/v2\/posts\/118040\/revisions"}],"predecessor-version":[{"id":118047,"href":"https:\/\/corrientesdetarde.com\/index.php\/wp-json\/wp\/v2\/posts\/118040\/revisions\/118047"}],"wp:featuredmedia":[{"embeddable":true,"href":"https:\/\/corrientesdetarde.com\/index.php\/wp-json\/wp\/v2\/media\/118042"}],"wp:attachment":[{"href":"https:\/\/corrientesdetarde.com\/index.php\/wp-json\/wp\/v2\/media?parent=118040"}],"wp:term":[{"taxonomy":"category","embeddable":true,"href":"https:\/\/corrientesdetarde.com\/index.php\/wp-json\/wp\/v2\/categories?post=118040"},{"taxonomy":"post_tag","embeddable":true,"href":"https:\/\/corrientesdetarde.com\/index.php\/wp-json\/wp\/v2\/tags?post=118040"}],"curies":[{"name":"wp","href":"https:\/\/api.w.org\/{rel}","templated":true}]}}