{"id":118041,"date":"2024-01-12T22:41:44","date_gmt":"2024-01-13T01:41:44","guid":{"rendered":"https:\/\/corrientesdetarde.com\/?p=118041"},"modified":"2024-01-12T22:41:56","modified_gmt":"2024-01-13T01:41:56","slug":"lucha-contra-dengue-capacitan-a-delegados-municipales-para-hacer-prevencion-en-los-barrios","status":"publish","type":"post","link":"https:\/\/corrientesdetarde.com\/index.php\/locales\/lucha-contra-dengue-capacitan-a-delegados-municipales-para-hacer-prevencion-en-los-barrios\/","title":{"rendered":"Lucha contra dengue: capacitan a delegados municipales para hacer prevenci\u00f3n en los barrios"},"content":{"rendered":"\n<p><em>En el marco de las diversas actividades que llevan adelante la Municipalidad y el Gobierno provincial, este viernes se llev\u00f3 adelante la jornada de concientizaci\u00f3n y capacitaci\u00f3n en el CIC del barrio Ciudades Correntinas. A partir de ahora, las delegaciones dispondr\u00e1n de un kit preventivo para que los vecinos minimicen la proliferaci\u00f3n del mosquito transmisor de enfermedades como el dengue, zika y chikungu\u00f1a.<\/em><\/p>\n\n\n\n<figure class=\"wp-block-embed is-type-video is-provider-youtube wp-block-embed-youtube wp-embed-aspect-16-9 wp-has-aspect-ratio\"><div class=\"wp-block-embed__wrapper\">\n<iframe loading=\"lazy\" title=\"Lucha contra dengue: capacitan a delegados municipales para hacer prevenci\u00f3n en los barrios\" width=\"1110\" height=\"624\" src=\"https:\/\/www.youtube.com\/embed\/h_qJU11fuyY?feature=oembed\" frameborder=\"0\" allow=\"accelerometer; autoplay; clipboard-write; encrypted-media; gyroscope; picture-in-picture; web-share\" allowfullscreen><\/iframe>\n<\/div><\/figure>\n\n\n\n<p>En el marco de los m\u00faltiples trabajos contra el dengue que llevan adelante la Municipalidad de Corrientes y el Gobierno provincial, este viernes se realiz\u00f3 una capacitaci\u00f3n de concientizaci\u00f3n con los delegados para profundizar la prevenci\u00f3n en todos los barrios de la ciudad. Adem\u00e1s, se les entreg\u00f3 larvicidas para que est\u00e9n disponibles para todos los vecinos en cada delegaci\u00f3n municipal.<br><br>El encuentro, desarrollado en el Centro Integrador Comunitario (CIC) del barrio Ciudades Correntinas, fue encabezado por el secretario de Salud del Municipio, Rafael Corona; la directora de Epidemiolog\u00eda, Angelina Bobadilla; y el subsecretario de Asuntos Municipales de la Provincia, Javier S\u00e1ez.<br><br>\u201cEn esta oportunidad estamos capacitando a los delegados para el uso de larvicidas y de esta manera seguir concientizando en esta lucha contra el dengue\u201d, afirm\u00f3 el secretario de Salud, quien resalt\u00f3 el trabajo articulado con los ministerios de Salud, Desarrollo Social y Coordinaci\u00f3n y Planificaci\u00f3n del Gobierno provincial.<br><br>En ese sentido, el funcionario explic\u00f3 que \u201ca trav\u00e9s de las delegaciones vamos a estar trabajando en la entrega de larvicidas a los vecinos y por supuesto tambi\u00e9n con las indicaciones del uso\u201d.<br><br>Asimismo, Corona asegur\u00f3 que m\u00e1s all\u00e1 de esta capacitaci\u00f3n, se contin\u00faan llevando tareas en todos los barrios. \u201cEs importante seguir avanzando en la concientizaci\u00f3n de la sociedad para que sepan que deben eliminar sus cacharros que sirven de reservorio para las larvas y poder exterminarlos\u201d, remarc\u00f3. \u00a0<br><br>Por su parte, la directora de Epidemiolog\u00eda, Angelina Bobadilla, destac\u00f3 que el \u201cdengue es una patolog\u00eda que no se resuelve, ni se controla, ni se previene solo, es un trabajo articulado con cada uno de los municipios, que se realiza durante todo el a\u00f1o, pero que ahora se fortalece e intensifica por el brote\u201d.<br><br>En ese marco, la funcionaria provincial se\u00f1al\u00f3 que durante la jornada se les entreg\u00f3 a los delegados \u201cun kit de prevenci\u00f3n que tiene un larvicida y una ovitrampa, para que los vecinos puedan determinar si tienen el mosquito en su domicilio\u201d.<br><br>RECOMENDACIONES<br><br>Bobadilla indic\u00f3 que los pacientes que presentan s\u00edntomas como \u201cfiebre alta, dolor de cabeza, dolor detr\u00e1s de los ojos que le produce la misma fiebre, pero todo muy intenso, dolor muscular, dolor articular, a algunos se le agrega s\u00edntomas digestivos como los v\u00f3mitos y las diarreas, entonces tiene una cl\u00ednica compatible con dengue y debe acercarse al centro de salud m\u00e1s cercano\u201d.<br><br>\u201cEl dengue tiene como etapas en donde hay un momento sumamente cr\u00edtico que es cuando termina la fiebre y es importante que cada paciente lo sepa, por eso tiene que estar en contacto con el m\u00e9dico\u201d, aclar\u00f3, y a\u00f1adi\u00f3: \u201cTermina la fiebre, el paciente se siente bien, empieza a mejorar, pero ese es el momento m\u00e1s cr\u00edtico en donde tiene que continuar con el reposo, tiene que continuar con la hidrataci\u00f3n\u201d.<br><br>A su vez, sostuvo que \u201csi el m\u00e9dico le dice tome 3 o 4 litros de agua, tiene que tomar esa cantidad de agua. La hidrataci\u00f3n hace la diferencia en cuanto a la evoluci\u00f3n del dengue\u201d.<br><br>Por \u00faltimo, solicit\u00f3 \u201cno automedicarse, no tomar ning\u00fan analg\u00e9sico, que no sea el que le da al m\u00e9dico, que en este caso est\u00e1 indicado el paracetamol. Los otros analg\u00e9sicos pueden complicar, pueden generar hemorragias, agravar un cuadro de dengue, puede hacer que se agrave\u201d.\u00a0<br><br>OPERATIVOS<br>La Municipalidad de Corrientes continuar\u00e1 adem\u00e1s la semana que viene con los operativos de descacharrado (desde las 14) y fumigaci\u00f3n (a partir de las 17) en distintos puntos de la ciudad.\u00a0<br><br>De acuerdo al cronograma previsto, hoy est\u00e1n en el barrio Nuevo, mientras que el lunes 15 ser\u00e1 el turno de los barrios Villa Chiquita y Santa Teresita; el mi\u00e9rcoles 17 lo realizar\u00e1n en el San Jos\u00e9 y cerrar\u00e1n la semana el viernes 19, en el San Ger\u00f3nimo.<\/p>\n\n\n\n<figure class=\"wp-block-image size-large\"><img loading=\"lazy\" decoding=\"async\" width=\"1024\" height=\"675\" src=\"https:\/\/corrientesdetarde.com\/wp-content\/uploads\/2024\/01\/Captura-de-pantalla-2024-01-12-221952-1024x675.png\" alt=\"\" class=\"wp-image-118055\" srcset=\"https:\/\/corrientesdetarde.com\/wp-content\/uploads\/2024\/01\/Captura-de-pantalla-2024-01-12-221952-1024x675.png 1024w, https:\/\/corrientesdetarde.com\/wp-content\/uploads\/2024\/01\/Captura-de-pantalla-2024-01-12-221952-300x198.png 300w, https:\/\/corrientesdetarde.com\/wp-content\/uploads\/2024\/01\/Captura-de-pantalla-2024-01-12-221952-768x507.png 768w, https:\/\/corrientesdetarde.com\/wp-content\/uploads\/2024\/01\/Captura-de-pantalla-2024-01-12-221952.png 1269w\" sizes=\"auto, (max-width: 1024px) 100vw, 1024px\" \/><\/figure>\n\n\n\n<figure class=\"wp-block-image size-large\"><img loading=\"lazy\" decoding=\"async\" width=\"1024\" height=\"679\" src=\"https:\/\/corrientesdetarde.com\/wp-content\/uploads\/2024\/01\/Captura-de-pantalla-2024-01-12-222004-1024x679.png\" alt=\"\" class=\"wp-image-118056\" srcset=\"https:\/\/corrientesdetarde.com\/wp-content\/uploads\/2024\/01\/Captura-de-pantalla-2024-01-12-222004-1024x679.png 1024w, https:\/\/corrientesdetarde.com\/wp-content\/uploads\/2024\/01\/Captura-de-pantalla-2024-01-12-222004-300x199.png 300w, https:\/\/corrientesdetarde.com\/wp-content\/uploads\/2024\/01\/Captura-de-pantalla-2024-01-12-222004-768x509.png 768w, https:\/\/corrientesdetarde.com\/wp-content\/uploads\/2024\/01\/Captura-de-pantalla-2024-01-12-222004.png 1271w\" sizes=\"auto, (max-width: 1024px) 100vw, 1024px\" \/><\/figure>\n\n\n\n<figure class=\"wp-block-image size-large\"><img loading=\"lazy\" decoding=\"async\" width=\"1024\" height=\"679\" src=\"https:\/\/corrientesdetarde.com\/wp-content\/uploads\/2024\/01\/Captura-de-pantalla-2024-01-12-222014-1024x679.png\" alt=\"\" class=\"wp-image-118057\" srcset=\"https:\/\/corrientesdetarde.com\/wp-content\/uploads\/2024\/01\/Captura-de-pantalla-2024-01-12-222014-1024x679.png 1024w, https:\/\/corrientesdetarde.com\/wp-content\/uploads\/2024\/01\/Captura-de-pantalla-2024-01-12-222014-300x199.png 300w, https:\/\/corrientesdetarde.com\/wp-content\/uploads\/2024\/01\/Captura-de-pantalla-2024-01-12-222014-768x510.png 768w, https:\/\/corrientesdetarde.com\/wp-content\/uploads\/2024\/01\/Captura-de-pantalla-2024-01-12-222014.png 1269w\" sizes=\"auto, (max-width: 1024px) 100vw, 1024px\" \/><\/figure>\n","protected":false},"excerpt":{"rendered":"<p>En el marco de las diversas actividades que llevan adelante la Municipalidad y el Gobierno provincial, este viernes se llev\u00f3 adelante la jornada de concientizaci\u00f3n y capacitaci\u00f3n en el CIC&hellip; <\/p>\n","protected":false},"author":4,"featured_media":118054,"comment_status":"closed","ping_status":"open","sticky":false,"template":"","format":"standard","meta":{"footnotes":""},"categories":[16,8],"tags":[],"class_list":["post-118041","post","type-post","status-publish","format-standard","has-post-thumbnail","hentry","category-bienestar-y-salud","category-locales"],"_links":{"self":[{"href":"https:\/\/corrientesdetarde.com\/index.php\/wp-json\/wp\/v2\/posts\/118041","targetHints":{"allow":["GET"]}}],"collection":[{"href":"https:\/\/corrientesdetarde.com\/index.php\/wp-json\/wp\/v2\/posts"}],"about":[{"href":"https:\/\/corrientesdetarde.com\/index.php\/wp-json\/wp\/v2\/types\/post"}],"author":[{"embeddable":true,"href":"https:\/\/corrientesdetarde.com\/index.php\/wp-json\/wp\/v2\/users\/4"}],"replies":[{"embeddable":true,"href":"https:\/\/corrientesdetarde.com\/index.php\/wp-json\/wp\/v2\/comments?post=118041"}],"version-history":[{"count":1,"href":"https:\/\/corrientesdetarde.com\/index.php\/wp-json\/wp\/v2\/posts\/118041\/revisions"}],"predecessor-version":[{"id":118058,"href":"https:\/\/corrientesdetarde.com\/index.php\/wp-json\/wp\/v2\/posts\/118041\/revisions\/118058"}],"wp:featuredmedia":[{"embeddable":true,"href":"https:\/\/corrientesdetarde.com\/index.php\/wp-json\/wp\/v2\/media\/118054"}],"wp:attachment":[{"href":"https:\/\/corrientesdetarde.com\/index.php\/wp-json\/wp\/v2\/media?parent=118041"}],"wp:term":[{"taxonomy":"category","embeddable":true,"href":"https:\/\/corrientesdetarde.com\/index.php\/wp-json\/wp\/v2\/categories?post=118041"},{"taxonomy":"post_tag","embeddable":true,"href":"https:\/\/corrientesdetarde.com\/index.php\/wp-json\/wp\/v2\/tags?post=118041"}],"curies":[{"name":"wp","href":"https:\/\/api.w.org\/{rel}","templated":true}]}}