{"id":118048,"date":"2024-01-12T22:18:26","date_gmt":"2024-01-13T01:18:26","guid":{"rendered":"https:\/\/corrientesdetarde.com\/?p=118048"},"modified":"2024-01-12T22:18:38","modified_gmt":"2024-01-13T01:18:38","slug":"salud-realiza-acciones-preventiva-e-insiste-en-los-cuidados-contra-el-dengue","status":"publish","type":"post","link":"https:\/\/corrientesdetarde.com\/index.php\/bienestar-y-salud\/salud-realiza-acciones-preventiva-e-insiste-en-los-cuidados-contra-el-dengue\/","title":{"rendered":"Salud realiza acciones preventiva e insiste en los cuidados contra el dengue"},"content":{"rendered":"\n<p><em>La tarea incluye recorrido de la zona, relevamiento, y control larvario. Desde la cartera sanitaria provincial se recuerda la importancia de la eliminaci\u00f3n de los recipientes con agua que puedan servir como criaderos de mosquitos y el uso de repelentes, adem\u00e1s de realizar la consulta al m\u00e9dico ante s\u00edntomas.<\/em><\/p>\n\n\n\n<p>El Ministerio de Salud P\u00fablica, a cargo de Ricardo Cardozo, realiza acciones de control, vigilancia y prevenci\u00f3n de las enfermedades vectoriales. En este marco, el equipo de la Direcci\u00f3n General de Epidemiolog\u00eda intensifica tareas en barrios de Capital y en el interior.<\/p>\n\n\n\n<p>La directora general de Epidemiologia, Angelina Bobadilla, detall\u00f3 que &#8220;activamos bloqueos vectoriales ante la notificaci\u00f3n de cada caso, que incluye el recorrido de la zona con tareas de relevamiento, fumigaci\u00f3n, control focal y recomendaciones a la familia. Por otro lado, seguimos con la vigilancia en los centros de salud, b\u00fasqueda de febriles y el trabajo conjunto de prevenci\u00f3n con cada municipio\u201d.<\/p>\n\n\n\n<p>El Dengue es una enfermedad infecciosa causada por un virus y transmitida por el mosquito Aedes aegypti.&nbsp;<\/p>\n\n\n\n<p>En el pa\u00eds, en 2023 se registraron 71 fallecidos con resultado positivo para Dengue, de los cuales 7 se notificaron en el NEA y de esos 1 en Corrientes. La tasa de mortalidad m\u00e1s elevada corresponde a mayores de 80 a\u00f1os, y los serotipos identificados son DENV-1 y DENV-2.<\/p>\n\n\n\n<p>En la provincia actualmente hay 252 casos activos y en lo que va de esta temporada se notificaron 6 fallecidos con resultado positivo para Dengue.<\/p>\n\n\n\n<p><strong>Signos de alerta<\/strong><\/p>\n\n\n\n<p>Cuando una persona presenta fiebre acompa\u00f1ada de uno o m\u00e1s de los siguientes s\u00edntomas: dolor de cabeza muy intenso, dolor detr\u00e1s de los ojos, dolores musculares y articulares, n\u00e1useas y v\u00f3mitos, picaz\u00f3n y\/o sangrado de nariz y enc\u00edas, cansancio intenso o erupci\u00f3n en la piel, es importante NO AUTOMEDICARSE (los analg\u00e9sicos como el ibuprofeno, diclofenac, aspirinas y derivados agravan el cuadro), mantenerse hidratado, concurrir a un centro de salud para tener un diagn\u00f3stico y recibir el tratamiento adecuado. En caso de tener patolog\u00edas de riesgo estar en contacto con su m\u00e9dico de cabecera.<\/p>\n\n\n\n<p>Se insiste en extremar los cuidados, eliminando los criaderos de mosquitos, evitar que se acumule agua y eliminar, tapar, limpiar, cepillar y dar vuelta cualquier recipiente que contenga agua diariamente, evitar los pastizales altos, destapar los desag\u00fces de lluvia de los techos, rociar insecticidas en base a permetrina en el interior de las casas, colocar mosquiteros o telas met\u00e1licas en puertas y ventanas, usar repelente en la piel expuesta, y espirales en casas y patios. La fumigaci\u00f3n no es una medida preventiva, solo est\u00e1 indicada para bloqueos ante casos.\u00a0<\/p>\n\n\n\n<figure class=\"wp-block-image size-full\"><img loading=\"lazy\" decoding=\"async\" width=\"580\" height=\"777\" src=\"https:\/\/corrientesdetarde.com\/wp-content\/uploads\/2024\/01\/Captura-de-pantalla-2024-01-12-221626.png\" alt=\"\" class=\"wp-image-118052\" srcset=\"https:\/\/corrientesdetarde.com\/wp-content\/uploads\/2024\/01\/Captura-de-pantalla-2024-01-12-221626.png 580w, https:\/\/corrientesdetarde.com\/wp-content\/uploads\/2024\/01\/Captura-de-pantalla-2024-01-12-221626-224x300.png 224w\" sizes=\"auto, (max-width: 580px) 100vw, 580px\" \/><\/figure>\n\n\n\n<figure class=\"wp-block-image size-full\"><img loading=\"lazy\" decoding=\"async\" width=\"589\" height=\"783\" src=\"https:\/\/corrientesdetarde.com\/wp-content\/uploads\/2024\/01\/Captura-de-pantalla-2024-01-12-221637.png\" alt=\"\" class=\"wp-image-118050\" srcset=\"https:\/\/corrientesdetarde.com\/wp-content\/uploads\/2024\/01\/Captura-de-pantalla-2024-01-12-221637.png 589w, https:\/\/corrientesdetarde.com\/wp-content\/uploads\/2024\/01\/Captura-de-pantalla-2024-01-12-221637-226x300.png 226w\" sizes=\"auto, (max-width: 589px) 100vw, 589px\" \/><\/figure>\n\n\n\n<figure class=\"wp-block-image size-full\"><img loading=\"lazy\" decoding=\"async\" width=\"591\" height=\"788\" src=\"https:\/\/corrientesdetarde.com\/wp-content\/uploads\/2024\/01\/Captura-de-pantalla-2024-01-12-221647.png\" alt=\"\" class=\"wp-image-118051\" srcset=\"https:\/\/corrientesdetarde.com\/wp-content\/uploads\/2024\/01\/Captura-de-pantalla-2024-01-12-221647.png 591w, https:\/\/corrientesdetarde.com\/wp-content\/uploads\/2024\/01\/Captura-de-pantalla-2024-01-12-221647-225x300.png 225w\" sizes=\"auto, (max-width: 591px) 100vw, 591px\" \/><\/figure>\n","protected":false},"excerpt":{"rendered":"<p>La tarea incluye recorrido de la zona, relevamiento, y control larvario. Desde la cartera sanitaria provincial se recuerda la importancia de la eliminaci\u00f3n de los recipientes con agua que puedan&hellip; <\/p>\n","protected":false},"author":4,"featured_media":118049,"comment_status":"closed","ping_status":"open","sticky":false,"template":"","format":"standard","meta":{"footnotes":""},"categories":[16,26],"tags":[],"class_list":["post-118048","post","type-post","status-publish","format-standard","has-post-thumbnail","hentry","category-bienestar-y-salud","category-destacados"],"_links":{"self":[{"href":"https:\/\/corrientesdetarde.com\/index.php\/wp-json\/wp\/v2\/posts\/118048","targetHints":{"allow":["GET"]}}],"collection":[{"href":"https:\/\/corrientesdetarde.com\/index.php\/wp-json\/wp\/v2\/posts"}],"about":[{"href":"https:\/\/corrientesdetarde.com\/index.php\/wp-json\/wp\/v2\/types\/post"}],"author":[{"embeddable":true,"href":"https:\/\/corrientesdetarde.com\/index.php\/wp-json\/wp\/v2\/users\/4"}],"replies":[{"embeddable":true,"href":"https:\/\/corrientesdetarde.com\/index.php\/wp-json\/wp\/v2\/comments?post=118048"}],"version-history":[{"count":1,"href":"https:\/\/corrientesdetarde.com\/index.php\/wp-json\/wp\/v2\/posts\/118048\/revisions"}],"predecessor-version":[{"id":118053,"href":"https:\/\/corrientesdetarde.com\/index.php\/wp-json\/wp\/v2\/posts\/118048\/revisions\/118053"}],"wp:featuredmedia":[{"embeddable":true,"href":"https:\/\/corrientesdetarde.com\/index.php\/wp-json\/wp\/v2\/media\/118049"}],"wp:attachment":[{"href":"https:\/\/corrientesdetarde.com\/index.php\/wp-json\/wp\/v2\/media?parent=118048"}],"wp:term":[{"taxonomy":"category","embeddable":true,"href":"https:\/\/corrientesdetarde.com\/index.php\/wp-json\/wp\/v2\/categories?post=118048"},{"taxonomy":"post_tag","embeddable":true,"href":"https:\/\/corrientesdetarde.com\/index.php\/wp-json\/wp\/v2\/tags?post=118048"}],"curies":[{"name":"wp","href":"https:\/\/api.w.org\/{rel}","templated":true}]}}