{"id":118071,"date":"2024-01-12T23:27:36","date_gmt":"2024-01-13T02:27:36","guid":{"rendered":"https:\/\/corrientesdetarde.com\/?p=118071"},"modified":"2024-01-12T23:27:38","modified_gmt":"2024-01-13T02:27:38","slug":"san-lorenzo-acordo-la-llegada-de-un-defensor-y-un-arquero-quienes-son","status":"publish","type":"post","link":"https:\/\/corrientesdetarde.com\/index.php\/deportes\/san-lorenzo-acordo-la-llegada-de-un-defensor-y-un-arquero-quienes-son\/","title":{"rendered":"San Lorenzo acord\u00f3 la llegada de un defensor y un arquero \u00bfqui\u00e9nes son?"},"content":{"rendered":"\n<p>El &#8220;Cicl\u00f3n&#8221; cerr\u00f3 a su quinto y sexto refuerzo para la temporada 2024.<\/p>\n\n\n\n<p><strong>San Lorenzo\u00a0acord\u00f3, este viernes, la llegada del defensor colombiano Nicol\u00e1s Hern\u00e1ndez<\/strong>, proveniente de Internacional de Porto Alegre de Brasil, y\u00a0<strong>del arquero Gast\u00f3n G\u00f3mez<\/strong>\u00a0de Racing de Avellaneda.\u00a0<\/p>\n\n\n\n<p>Este martes, el \u201cCicl\u00f3n\u201d acord\u00f3 la llega de dos refuerzos que se sumar\u00e1n a la pretemporada del equipo de Rub\u00e9n Dar\u00edo Insua en Uruguay:&nbsp;<strong>el defensor colombiano Nicol\u00e1s Hern\u00e1ndez y el arquero Gast\u00f3n G\u00f3mez.&nbsp;<\/strong><\/p>\n\n\n\n<p>El&nbsp;zaguero central de 25 a\u00f1os viene de jugar el&nbsp;<strong>\u00faltimo a\u00f1o en Internacional de Porto Alegre de Brasil donde lleg\u00f3 a pr\u00e9stamo desde el Athletico Paranaense.&nbsp;<\/strong>En el \u201cColorado\u201d disput\u00f3<strong>&nbsp;28 partidos, marc\u00f3 un gol y se fue expulsado una sola vez ante Metropolitanos de Venezuela<\/strong>&nbsp;por la fase de grupos de la Copa Libertadores de Am\u00e9rica.&nbsp;<\/p>\n\n\n\n<p>El oriundo del departamento colombiano de Meta&nbsp;<strong>finaliz\u00f3 su cesi\u00f3n en el equipo de Eduardo Coudet<\/strong>, donde ingres\u00f3 desde el banco de suplentes en la mayor\u00eda de los encuentros, y&nbsp;<strong>no renov\u00f3 contrato con el Athletico Paranaense de donde se fue en diciembre con el pase en su poder.&nbsp;<\/strong><\/p>\n\n\n\n<p>Su llegada est\u00e1 resuelta y\u00a0<strong>se sumar\u00e1 el viernes por la noche a la pretemporada en Uruguay\u00a0<\/strong>pero hay dos obst\u00e1culos que desde el club de Boedo deben resolver para que Nicol\u00e1s Hern\u00e1ndez pueda jugar sin problema alguno en el \u201cCicl\u00f3n\u201d:\u00a0<strong>levantar la inhibici\u00f3n que no le permite habilitar a sus refuerzos\u00a0y, adem\u00e1s, liberar un cupo de extranjero para que el colombiano quede habilitado.<\/strong>\u00a0El jugador indicado para solucionar la traba del cupo es<strong>\u00a0el cafetero Diego Perea que no es de la consideraci\u00f3n del entrenador.\u00a0<\/strong><\/p>\n\n\n\n<p>Por su parte,&nbsp;<strong>el arquero Gast\u00f3n \u201cChila\u201d G\u00f3mez arribar\u00e1 a San Lorenzo, a pr\u00e9stamo por un a\u00f1o y con opci\u00f3n de compra, desde Racing.&nbsp;<\/strong>El portero de 27 a\u00f1os viene de jugar la&nbsp;<strong>\u00faltima temporada en Velez donde ataj\u00f3 18 partidos, encaj\u00f3 21 goles<\/strong>&nbsp;y mantuvo en cinco ocasiones la valla invicta.&nbsp;<\/p>\n\n\n\n<p>El marplatense<strong>&nbsp;viene a pelear el puesto con Facundo Altamirano<\/strong>, el cual la \u00faltima temporada&nbsp;<strong>estuvo cedido en el \u201cCicl\u00f3n\u201d y se le compr\u00f3 el pase.<\/strong>&nbsp;El ex arquero de Banfield&nbsp;<strong>corre con ventaja por sobre el formado en Racing&nbsp;<\/strong>que, en principio, ser\u00e1 suplente.&nbsp;<\/p>\n\n\n\n<p>Las llegadas de&nbsp;<strong>Nicol\u00e1s Hern\u00e1ndez y Gast\u00f3n G\u00f3mez ser\u00e1n la quinta y sexta incorporaci\u00f3n<\/strong>&nbsp;de San Lorenzo en este mercado de pases tras los arribos del&nbsp;<strong>colombiano Jhohan Roma\u00f1a<\/strong>&nbsp;a pr\u00e9stamo del Austin de Estados Unidos,<strong>&nbsp;Cristi\u00e1n Tarragona<\/strong>&nbsp;libre tras su paso por Gimnasia y Esgrima de La Plata,<strong>&nbsp;Eric Remedi<\/strong>&nbsp;con el pase en su poder desde Banfield y&nbsp;<strong>Facundo Altamirano<\/strong>&nbsp;que el \u00faltimo a\u00f1o estuvo cedido en el \u201cCicl\u00f3n\u201d y, para esta temporada, se le compro el pase en alrededor 1.2 millones de d\u00f3lares.&nbsp;&nbsp;<\/p>\n","protected":false},"excerpt":{"rendered":"<p>El &#8220;Cicl\u00f3n&#8221; cerr\u00f3 a su quinto y sexto refuerzo para la temporada 2024. San Lorenzo\u00a0acord\u00f3, este viernes, la llegada del defensor colombiano Nicol\u00e1s Hern\u00e1ndez, proveniente de Internacional de Porto Alegre&hellip; <\/p>\n","protected":false},"author":4,"featured_media":118072,"comment_status":"closed","ping_status":"open","sticky":false,"template":"","format":"standard","meta":{"footnotes":""},"categories":[4],"tags":[],"class_list":["post-118071","post","type-post","status-publish","format-standard","has-post-thumbnail","hentry","category-deportes"],"_links":{"self":[{"href":"https:\/\/corrientesdetarde.com\/index.php\/wp-json\/wp\/v2\/posts\/118071","targetHints":{"allow":["GET"]}}],"collection":[{"href":"https:\/\/corrientesdetarde.com\/index.php\/wp-json\/wp\/v2\/posts"}],"about":[{"href":"https:\/\/corrientesdetarde.com\/index.php\/wp-json\/wp\/v2\/types\/post"}],"author":[{"embeddable":true,"href":"https:\/\/corrientesdetarde.com\/index.php\/wp-json\/wp\/v2\/users\/4"}],"replies":[{"embeddable":true,"href":"https:\/\/corrientesdetarde.com\/index.php\/wp-json\/wp\/v2\/comments?post=118071"}],"version-history":[{"count":1,"href":"https:\/\/corrientesdetarde.com\/index.php\/wp-json\/wp\/v2\/posts\/118071\/revisions"}],"predecessor-version":[{"id":118073,"href":"https:\/\/corrientesdetarde.com\/index.php\/wp-json\/wp\/v2\/posts\/118071\/revisions\/118073"}],"wp:featuredmedia":[{"embeddable":true,"href":"https:\/\/corrientesdetarde.com\/index.php\/wp-json\/wp\/v2\/media\/118072"}],"wp:attachment":[{"href":"https:\/\/corrientesdetarde.com\/index.php\/wp-json\/wp\/v2\/media?parent=118071"}],"wp:term":[{"taxonomy":"category","embeddable":true,"href":"https:\/\/corrientesdetarde.com\/index.php\/wp-json\/wp\/v2\/categories?post=118071"},{"taxonomy":"post_tag","embeddable":true,"href":"https:\/\/corrientesdetarde.com\/index.php\/wp-json\/wp\/v2\/tags?post=118071"}],"curies":[{"name":"wp","href":"https:\/\/api.w.org\/{rel}","templated":true}]}}