{"id":11823,"date":"2022-10-17T11:21:50","date_gmt":"2022-10-17T14:21:50","guid":{"rendered":"https:\/\/corrientesdetarde.com\/?p=11823"},"modified":"2022-10-17T11:21:54","modified_gmt":"2022-10-17T14:21:54","slug":"se-presento-la-semana-del-emprendedor-en-casa-de-gobierno","status":"publish","type":"post","link":"https:\/\/corrientesdetarde.com\/index.php\/locales\/se-presento-la-semana-del-emprendedor-en-casa-de-gobierno\/","title":{"rendered":"Se present\u00f3 \u201cLa semana del emprendedor\u201d en Casa de Gobierno"},"content":{"rendered":"\n<p>Con el objetivo de fomentar y dar espacio las ideas de negocio en la provincia, este lunes se lanz\u00f3 la 3\u00b0 edici\u00f3n de \u201cLa semana del emprendedor\u201d en Casa de Gobierno. La iniciativa tendr\u00e1 lugar del 7 al 11 de noviembre y las inscripciones est\u00e1n abiertas desde hoy. Del acto de presentaci\u00f3n participaron el vicegobernador, Pedro Braillard Poccard y otras autoridades.<\/p>\n\n\n\n<figure class=\"wp-block-image size-large\"><img loading=\"lazy\" decoding=\"async\" width=\"1024\" height=\"679\" src=\"https:\/\/corrientesdetarde.com\/wp-content\/uploads\/2022\/10\/Captura-de-pantalla-2022-10-17-111937-1024x679.png\" alt=\"\" class=\"wp-image-11825\" srcset=\"https:\/\/corrientesdetarde.com\/wp-content\/uploads\/2022\/10\/Captura-de-pantalla-2022-10-17-111937-1024x679.png 1024w, https:\/\/corrientesdetarde.com\/wp-content\/uploads\/2022\/10\/Captura-de-pantalla-2022-10-17-111937-300x199.png 300w, https:\/\/corrientesdetarde.com\/wp-content\/uploads\/2022\/10\/Captura-de-pantalla-2022-10-17-111937-768x509.png 768w, https:\/\/corrientesdetarde.com\/wp-content\/uploads\/2022\/10\/Captura-de-pantalla-2022-10-17-111937.png 1275w\" sizes=\"auto, (max-width: 1024px) 100vw, 1024px\" \/><\/figure>\n\n\n\n<p>Desde el 7 al 11 de noviembre se realizar\u00e1 la semana del emprendedor, por lo tanto, durante una semana se llevar\u00e1n a cabo diferentes actividades donde se presentar\u00e1n capacitaciones para que los participantes puedan fortalecer su idea de negocio o emprendimiento en marcha, tambi\u00e9n habr\u00e1 concursos, premios y muchas sorpresas m\u00e1s.<\/p>\n\n\n\n<figure class=\"wp-block-image size-large\"><img loading=\"lazy\" decoding=\"async\" width=\"1024\" height=\"678\" src=\"https:\/\/corrientesdetarde.com\/wp-content\/uploads\/2022\/10\/Captura-de-pantalla-2022-10-17-111918-1024x678.png\" alt=\"\" class=\"wp-image-11827\" srcset=\"https:\/\/corrientesdetarde.com\/wp-content\/uploads\/2022\/10\/Captura-de-pantalla-2022-10-17-111918-1024x678.png 1024w, https:\/\/corrientesdetarde.com\/wp-content\/uploads\/2022\/10\/Captura-de-pantalla-2022-10-17-111918-300x199.png 300w, https:\/\/corrientesdetarde.com\/wp-content\/uploads\/2022\/10\/Captura-de-pantalla-2022-10-17-111918-768x508.png 768w, https:\/\/corrientesdetarde.com\/wp-content\/uploads\/2022\/10\/Captura-de-pantalla-2022-10-17-111918.png 1272w\" sizes=\"auto, (max-width: 1024px) 100vw, 1024px\" \/><\/figure>\n\n\n\n<p>Se espera la participaci\u00f3n de alrededor de 400 emprendedores de todo el pa\u00eds y contar\u00e1 con la presencia de destacados capacitadores. Este evento cuenta con el apoyo del Gobierno provincial, la Universidad Nacional del Nordeste, Mundo Empresa y la Municipalidad de Corrientes.<\/p>\n\n\n\n<p>Los emprendedores podr\u00e1n inscribirse durante un plazo de 3 semanas en\u00a0https:\/\/mundoempresa.tv\/index.php\/semana-del-emprendedor\u00a0y el evento constar\u00e1 de cinco cursos, referidos a capacitaci\u00f3n digital, ventas, emprendedurismo, contabilidad para emprendedores y modelo de negocios. Todos ellos ser\u00e1n virtuales.<\/p>\n\n\n\n<p>Luego de los cursos vendr\u00e1 la etapa de concursos, donde los participantes presentar\u00e1n sus proyectos que ser\u00e1n evaluados por profesionales de la tem\u00e1tica. El cierre ser\u00e1 el 2 de diciembre, en el auditorio Juli\u00e1n Zini, donde se conocer\u00e1 a los ganadores y tambi\u00e9n habr\u00e1 disertaciones de expertos de nivel nacional.<\/p>\n\n\n\n\n\n<p>Refiri\u00e9ndose a los emprendedores, Braillard Poccard dijo que \u201chacen la parte m\u00e1s importante, que es crear y producir, nosotros como gobierno tenemos el deber de apartar del camino todos los impedimentos que pudiera haber para que puedan tener \u00e9xito es sus proyectos.<\/p>\n\n\n\n<p>&nbsp;<strong>Presencias<\/strong><\/p>\n\n\n\n<p>Adem\u00e1s participaron de la presentaci\u00f3n los organizadores y miembros de Mundo Empresa, Nicol\u00e1s Branchi y Julio G\u00f3mez de la Fuente y el secretario de Desarrollo Econ\u00f3mico del Municipio, Juan Maldonado Yonna.<\/p>\n","protected":false},"excerpt":{"rendered":"<p>Con el objetivo de fomentar y dar espacio las ideas de negocio en la provincia, este lunes se lanz\u00f3 la 3\u00b0 edici\u00f3n de \u201cLa semana del emprendedor\u201d en Casa de&hellip; <\/p>\n","protected":false},"author":4,"featured_media":11824,"comment_status":"closed","ping_status":"open","sticky":false,"template":"","format":"standard","meta":{"footnotes":""},"categories":[8],"tags":[],"class_list":["post-11823","post","type-post","status-publish","format-standard","has-post-thumbnail","hentry","category-locales"],"_links":{"self":[{"href":"https:\/\/corrientesdetarde.com\/index.php\/wp-json\/wp\/v2\/posts\/11823","targetHints":{"allow":["GET"]}}],"collection":[{"href":"https:\/\/corrientesdetarde.com\/index.php\/wp-json\/wp\/v2\/posts"}],"about":[{"href":"https:\/\/corrientesdetarde.com\/index.php\/wp-json\/wp\/v2\/types\/post"}],"author":[{"embeddable":true,"href":"https:\/\/corrientesdetarde.com\/index.php\/wp-json\/wp\/v2\/users\/4"}],"replies":[{"embeddable":true,"href":"https:\/\/corrientesdetarde.com\/index.php\/wp-json\/wp\/v2\/comments?post=11823"}],"version-history":[{"count":1,"href":"https:\/\/corrientesdetarde.com\/index.php\/wp-json\/wp\/v2\/posts\/11823\/revisions"}],"predecessor-version":[{"id":11829,"href":"https:\/\/corrientesdetarde.com\/index.php\/wp-json\/wp\/v2\/posts\/11823\/revisions\/11829"}],"wp:featuredmedia":[{"embeddable":true,"href":"https:\/\/corrientesdetarde.com\/index.php\/wp-json\/wp\/v2\/media\/11824"}],"wp:attachment":[{"href":"https:\/\/corrientesdetarde.com\/index.php\/wp-json\/wp\/v2\/media?parent=11823"}],"wp:term":[{"taxonomy":"category","embeddable":true,"href":"https:\/\/corrientesdetarde.com\/index.php\/wp-json\/wp\/v2\/categories?post=11823"},{"taxonomy":"post_tag","embeddable":true,"href":"https:\/\/corrientesdetarde.com\/index.php\/wp-json\/wp\/v2\/tags?post=11823"}],"curies":[{"name":"wp","href":"https:\/\/api.w.org\/{rel}","templated":true}]}}