{"id":11834,"date":"2022-10-17T11:45:24","date_gmt":"2022-10-17T14:45:24","guid":{"rendered":"https:\/\/corrientesdetarde.com\/?p=11834"},"modified":"2022-10-17T11:45:27","modified_gmt":"2022-10-17T14:45:27","slug":"corrientes-no-registro-casos-nuevos-de-coronavirus-7","status":"publish","type":"post","link":"https:\/\/corrientesdetarde.com\/index.php\/informacion-general\/corrientes-no-registro-casos-nuevos-de-coronavirus-7\/","title":{"rendered":"Corrientes no registr\u00f3 casos nuevos de Coronavirus"},"content":{"rendered":"\n<p>El informe epidemiol\u00f3gico de la provincia de Corrientes de este lunes, indic\u00f3 que no se registraron nuevos casos positivos de Coronavirus, al haberse analizado 189 muestras en las \u00faltimas 24 horas.<\/p>\n\n\n\n<p>Esto mantiene la cifra de casos activos en 4 y los acumulados en 196.466 en todo el territorio provincial al 17 de octubre de 2022, con 2.018.340 testeos realizados desde que inici\u00f3 la pandemia y 194.521 recuperados.<\/p>\n\n\n\n<p>Mientras que son 2.132 los fallecidos acumulados y 3 los actuales internados en el Hospital de Campa\u00f1a, con resultado positivo para Covid-19, estando ocupado el 0,33% de los respiradores.<\/p>\n\n\n\n<p><strong>Hospital de Campa\u00f1a<\/strong><\/p>\n\n\n\n<p>El Ministerio de Salud P\u00fablica inform\u00f3 el parte m\u00e9dico del Hospital de Campa\u00f1a \u201cEscuela Hogar\u201d.<\/p>\n\n\n\n<p>El informe emitido desde la instituci\u00f3n detalla que a la fecha (17 de octubre), se encuentran internados 3 pacientes.<\/p>\n\n\n\n<p>Hay 2 pacientes con diagn\u00f3stico de Covid-19 en Sala de Cl\u00ednica General. Todos se encuentran cl\u00ednicamente estables.<\/p>\n\n\n\n<p>En la Unidad de Terapia Intensiva (UTI) hay 1 paciente con diagn\u00f3stico de Covid-19, con respiraci\u00f3n mec\u00e1nica asistida y con pron\u00f3stico reservado.<\/p>\n\n\n\n<p>Se realizaron 33 atenciones en guardia, acumul\u00e1ndose 47.657<\/p>\n\n\n\n<p>Est\u00e1 ocupado el 0.33 % de los respiradores.<\/p>\n\n\n\n<figure class=\"wp-block-image size-full\"><img loading=\"lazy\" decoding=\"async\" width=\"832\" height=\"950\" src=\"https:\/\/corrientesdetarde.com\/wp-content\/uploads\/2022\/10\/Captura-de-pantalla-2022-10-17-114402.png\" alt=\"\" class=\"wp-image-11835\" srcset=\"https:\/\/corrientesdetarde.com\/wp-content\/uploads\/2022\/10\/Captura-de-pantalla-2022-10-17-114402.png 832w, https:\/\/corrientesdetarde.com\/wp-content\/uploads\/2022\/10\/Captura-de-pantalla-2022-10-17-114402-263x300.png 263w, https:\/\/corrientesdetarde.com\/wp-content\/uploads\/2022\/10\/Captura-de-pantalla-2022-10-17-114402-768x877.png 768w\" sizes=\"auto, (max-width: 832px) 100vw, 832px\" \/><\/figure>\n","protected":false},"excerpt":{"rendered":"<p>El informe epidemiol\u00f3gico de la provincia de Corrientes de este lunes, indic\u00f3 que no se registraron nuevos casos positivos de Coronavirus, al haberse analizado 189 muestras en las \u00faltimas 24&hellip; <\/p>\n","protected":false},"author":4,"featured_media":11836,"comment_status":"closed","ping_status":"open","sticky":false,"template":"","format":"standard","meta":{"footnotes":""},"categories":[1],"tags":[],"class_list":["post-11834","post","type-post","status-publish","format-standard","has-post-thumbnail","hentry","category-informacion-general"],"_links":{"self":[{"href":"https:\/\/corrientesdetarde.com\/index.php\/wp-json\/wp\/v2\/posts\/11834","targetHints":{"allow":["GET"]}}],"collection":[{"href":"https:\/\/corrientesdetarde.com\/index.php\/wp-json\/wp\/v2\/posts"}],"about":[{"href":"https:\/\/corrientesdetarde.com\/index.php\/wp-json\/wp\/v2\/types\/post"}],"author":[{"embeddable":true,"href":"https:\/\/corrientesdetarde.com\/index.php\/wp-json\/wp\/v2\/users\/4"}],"replies":[{"embeddable":true,"href":"https:\/\/corrientesdetarde.com\/index.php\/wp-json\/wp\/v2\/comments?post=11834"}],"version-history":[{"count":1,"href":"https:\/\/corrientesdetarde.com\/index.php\/wp-json\/wp\/v2\/posts\/11834\/revisions"}],"predecessor-version":[{"id":11837,"href":"https:\/\/corrientesdetarde.com\/index.php\/wp-json\/wp\/v2\/posts\/11834\/revisions\/11837"}],"wp:featuredmedia":[{"embeddable":true,"href":"https:\/\/corrientesdetarde.com\/index.php\/wp-json\/wp\/v2\/media\/11836"}],"wp:attachment":[{"href":"https:\/\/corrientesdetarde.com\/index.php\/wp-json\/wp\/v2\/media?parent=11834"}],"wp:term":[{"taxonomy":"category","embeddable":true,"href":"https:\/\/corrientesdetarde.com\/index.php\/wp-json\/wp\/v2\/categories?post=11834"},{"taxonomy":"post_tag","embeddable":true,"href":"https:\/\/corrientesdetarde.com\/index.php\/wp-json\/wp\/v2\/tags?post=11834"}],"curies":[{"name":"wp","href":"https:\/\/api.w.org\/{rel}","templated":true}]}}