{"id":118517,"date":"2024-01-15T15:10:52","date_gmt":"2024-01-15T18:10:52","guid":{"rendered":"https:\/\/corrientesdetarde.com\/?p=118517"},"modified":"2024-01-15T15:11:04","modified_gmt":"2024-01-15T18:11:04","slug":"las-impactantes-imagenes-que-muestran-el-aumento-de-caudal-del-rio-corriente","status":"publish","type":"post","link":"https:\/\/corrientesdetarde.com\/index.php\/clima\/las-impactantes-imagenes-que-muestran-el-aumento-de-caudal-del-rio-corriente\/","title":{"rendered":"Las impactantes im\u00e1genes que muestran el aumento de caudal del r\u00edo Corriente"},"content":{"rendered":"\n<p>Un especialista brind\u00f3 detalles del hecho que afecta a zonas rurales.\u00a0<\/p>\n\n\n\n<p>El ambientalista, Luis Mart\u00ednez, inform\u00f3 este lunes el aumento significativo del caudal del r\u00edo Corriente&nbsp;tras las intensas lluvias en la zona de la localidad correntina de Chavarr\u00eda.<\/p>\n\n\n\n<p>Mart\u00ednez public\u00f3 en sus redes sociales im\u00e1genes satelitales del lugar donde se ubica el puente del r\u00edo Corriente.&nbsp;&nbsp;<\/p>\n\n\n\n<p>&#8220;Podemos observar que se desbord\u00f3 de caudal afectando la zonas rurales&#8221;, destac\u00f3 en su cuenta de X.&nbsp;<\/p>\n\n\n\n<figure class=\"wp-block-image\"><img decoding=\"async\" src=\"https:\/\/pxc.cdn.ellitoral.com.ar\/litoral\/012024\/1705325448924\/WhatsApp%20Image%202024-01-15%20at%2009.44.33%20(1).webp?cw=1060&amp;ch=1500&amp;extw=jpeg\" alt=\"Las impactantes im\u00e1genes que muestran el aumento de caudal del r\u00edo Corriente\"\/><\/figure>\n\n\n\n<figure class=\"wp-block-image\"><img decoding=\"async\" src=\"https:\/\/pxc.cdn.ellitoral.com.ar\/litoral\/012024\/1705324443836\/WhatsApp%20Image%202024-01-15%20at%2009.44.33.webp?cw=1060&amp;ch=1500&amp;extw=jpeg\" alt=\"Las impactantes im\u00e1genes que muestran el aumento de caudal del r\u00edo Corriente\"\/><\/figure>\n\n\n\n<figure class=\"wp-block-image\"><img decoding=\"async\" src=\"https:\/\/pxc.cdn.ellitoral.com.ar\/litoral\/012024\/1705324459935\/WhatsApp%20Image%202024-01-15%20at%2009.44.34.webp?cw=1060&amp;ch=1500&amp;extw=jpeg\" alt=\"Las impactantes im\u00e1genes que muestran el aumento de caudal del r\u00edo Corriente\"\/><\/figure>\n\n\n\n<figure class=\"wp-block-image\"><img decoding=\"async\" src=\"https:\/\/pxc.cdn.ellitoral.com.ar\/litoral\/012024\/1705325432093\/WhatsApp%20Image%202024-01-15%20at%2009.44.33%20(2).webp?cw=1060&amp;ch=1500&amp;extw=jpeg\" alt=\"Las impactantes im\u00e1genes que muestran el aumento de caudal del r\u00edo Corriente\"\/><\/figure>\n\n\n\n<p>Adem\u00e1s dijo que &#8220;se esperan m\u00e1s precipitaciones con valores importantes y que podr\u00eda seguir aumentando el caudal del R\u00edo Corriente, como as\u00ed tambi\u00e9n provocando la saturaci\u00f3n de las napas y un lento escurrimiento del caudal en las zonas rurales afectadas&#8221;.&nbsp;<\/p>\n","protected":false},"excerpt":{"rendered":"<p>Un especialista brind\u00f3 detalles del hecho que afecta a zonas rurales.\u00a0 El ambientalista, Luis Mart\u00ednez, inform\u00f3 este lunes el aumento significativo del caudal del r\u00edo Corriente&nbsp;tras las intensas lluvias en&hellip; <\/p>\n","protected":false},"author":3,"featured_media":118518,"comment_status":"closed","ping_status":"open","sticky":false,"template":"","format":"standard","meta":{"footnotes":""},"categories":[29],"tags":[],"class_list":["post-118517","post","type-post","status-publish","format-standard","has-post-thumbnail","hentry","category-clima"],"_links":{"self":[{"href":"https:\/\/corrientesdetarde.com\/index.php\/wp-json\/wp\/v2\/posts\/118517","targetHints":{"allow":["GET"]}}],"collection":[{"href":"https:\/\/corrientesdetarde.com\/index.php\/wp-json\/wp\/v2\/posts"}],"about":[{"href":"https:\/\/corrientesdetarde.com\/index.php\/wp-json\/wp\/v2\/types\/post"}],"author":[{"embeddable":true,"href":"https:\/\/corrientesdetarde.com\/index.php\/wp-json\/wp\/v2\/users\/3"}],"replies":[{"embeddable":true,"href":"https:\/\/corrientesdetarde.com\/index.php\/wp-json\/wp\/v2\/comments?post=118517"}],"version-history":[{"count":1,"href":"https:\/\/corrientesdetarde.com\/index.php\/wp-json\/wp\/v2\/posts\/118517\/revisions"}],"predecessor-version":[{"id":118519,"href":"https:\/\/corrientesdetarde.com\/index.php\/wp-json\/wp\/v2\/posts\/118517\/revisions\/118519"}],"wp:featuredmedia":[{"embeddable":true,"href":"https:\/\/corrientesdetarde.com\/index.php\/wp-json\/wp\/v2\/media\/118518"}],"wp:attachment":[{"href":"https:\/\/corrientesdetarde.com\/index.php\/wp-json\/wp\/v2\/media?parent=118517"}],"wp:term":[{"taxonomy":"category","embeddable":true,"href":"https:\/\/corrientesdetarde.com\/index.php\/wp-json\/wp\/v2\/categories?post=118517"},{"taxonomy":"post_tag","embeddable":true,"href":"https:\/\/corrientesdetarde.com\/index.php\/wp-json\/wp\/v2\/tags?post=118517"}],"curies":[{"name":"wp","href":"https:\/\/api.w.org\/{rel}","templated":true}]}}