{"id":118633,"date":"2024-01-15T22:11:49","date_gmt":"2024-01-16T01:11:49","guid":{"rendered":"https:\/\/corrientesdetarde.com\/?p=118633"},"modified":"2024-01-15T22:43:30","modified_gmt":"2024-01-16T01:43:30","slug":"valdes-se-reunira-con-legisladores-nacionales-para-evaluar-el-impacto-de-la-ley-omnibus-en-la-provincia","status":"publish","type":"post","link":"https:\/\/corrientesdetarde.com\/index.php\/politica\/valdes-se-reunira-con-legisladores-nacionales-para-evaluar-el-impacto-de-la-ley-omnibus-en-la-provincia\/","title":{"rendered":"Vald\u00e9s se reunir\u00e1 con legisladores nacionales para evaluar el impacto de la Ley \u00d3mnibus en la provincia\u00a0"},"content":{"rendered":"\n<p>Seg\u00fan indic\u00f3 el titular del Ejecutivo provincial, el encuentro se dar\u00e1&nbsp; considerando los intereses particulares de la provincia y buscando consensos que permitan avanzar hacia un cambio positivo para el pa\u00eds.<\/p>\n\n\n\n<p>En el marco de la presentaci\u00f3n de la Ley \u00d3mnibus ante el Congreso de la Naci\u00f3n por parte del gobierno del presidente Javier Milei, el gobernador de Corrientes, Gustavo Vald\u00e9s, anunci\u00f3 su intenci\u00f3n de reunirse con los legisladores nacionales correntinos para discutir el impacto de esta propuesta en la provincia.<\/p>\n\n\n\n<p>Vald\u00e9s expres\u00f3 que mantedr\u00e1 un encuentro con el senador Eduardo Vischi y el diputado Alfredo Vallejos, representantes correntinos en el Congreso, con el objetivo de obtener una perspectiva m\u00e1s centrada y abordar de manera estrat\u00e9gica los intereses de los correntinos. &#8220;Es una ley larga. Hay puntos de vista a favor y otros en contra, lo que hay que mirar es si se tienen los n\u00fameros para lograr la aprobaci\u00f3n. Hay aspectos en los que estamos de acuerdo y otros que consideramos que ameritan una discusi\u00f3n y el consenso&#8221;, destac\u00f3 el gobernador.<\/p>\n\n\n\n<p>El gobernador hizo hincapi\u00e9 en la necesidad de evaluar cuidadosamente cada aspecto de la propuesta y buscar consensos que beneficien a la provincia de Corrientes. &#8220;Ahora la mirada es c\u00f3mo nos reagrupamos para transformar Argentina. Los movimientos pol\u00edticos tienen que ver con eso, asociarse, juntarse, tener coaliciones para poder transformar la realidad de Argentina. Tiene que haber un cambio&#8221;, a\u00f1adi\u00f3 Vald\u00e9s.<\/p>\n","protected":false},"excerpt":{"rendered":"<p>Seg\u00fan indic\u00f3 el titular del Ejecutivo provincial, el encuentro se dar\u00e1&nbsp; considerando los intereses particulares de la provincia y buscando consensos que permitan avanzar hacia un cambio positivo para el&hellip; <\/p>\n","protected":false},"author":4,"featured_media":118634,"comment_status":"closed","ping_status":"open","sticky":false,"template":"","format":"standard","meta":{"footnotes":""},"categories":[3],"tags":[],"class_list":["post-118633","post","type-post","status-publish","format-standard","has-post-thumbnail","hentry","category-politica"],"_links":{"self":[{"href":"https:\/\/corrientesdetarde.com\/index.php\/wp-json\/wp\/v2\/posts\/118633","targetHints":{"allow":["GET"]}}],"collection":[{"href":"https:\/\/corrientesdetarde.com\/index.php\/wp-json\/wp\/v2\/posts"}],"about":[{"href":"https:\/\/corrientesdetarde.com\/index.php\/wp-json\/wp\/v2\/types\/post"}],"author":[{"embeddable":true,"href":"https:\/\/corrientesdetarde.com\/index.php\/wp-json\/wp\/v2\/users\/4"}],"replies":[{"embeddable":true,"href":"https:\/\/corrientesdetarde.com\/index.php\/wp-json\/wp\/v2\/comments?post=118633"}],"version-history":[{"count":3,"href":"https:\/\/corrientesdetarde.com\/index.php\/wp-json\/wp\/v2\/posts\/118633\/revisions"}],"predecessor-version":[{"id":118649,"href":"https:\/\/corrientesdetarde.com\/index.php\/wp-json\/wp\/v2\/posts\/118633\/revisions\/118649"}],"wp:featuredmedia":[{"embeddable":true,"href":"https:\/\/corrientesdetarde.com\/index.php\/wp-json\/wp\/v2\/media\/118634"}],"wp:attachment":[{"href":"https:\/\/corrientesdetarde.com\/index.php\/wp-json\/wp\/v2\/media?parent=118633"}],"wp:term":[{"taxonomy":"category","embeddable":true,"href":"https:\/\/corrientesdetarde.com\/index.php\/wp-json\/wp\/v2\/categories?post=118633"},{"taxonomy":"post_tag","embeddable":true,"href":"https:\/\/corrientesdetarde.com\/index.php\/wp-json\/wp\/v2\/tags?post=118633"}],"curies":[{"name":"wp","href":"https:\/\/api.w.org\/{rel}","templated":true}]}}