{"id":118650,"date":"2024-01-15T23:17:12","date_gmt":"2024-01-16T02:17:12","guid":{"rendered":"https:\/\/corrientesdetarde.com\/?p=118650"},"modified":"2024-01-15T23:18:38","modified_gmt":"2024-01-16T02:18:38","slug":"este-martes-se-realizara-la-charla-abierta-el-acordeon-chamamecero-historia-y-actualidad","status":"publish","type":"post","link":"https:\/\/corrientesdetarde.com\/index.php\/cultura\/este-martes-se-realizara-la-charla-abierta-el-acordeon-chamamecero-historia-y-actualidad\/","title":{"rendered":"Este martes se realizar\u00e1 la charla abierta \u201cEl Acorde\u00f3n\u00a0Chamamecero: Historia y Actualidad\u201d"},"content":{"rendered":"\n<p>El Instituto de Cultura invita a la Charla Abierta titulada \u201cEl Acorde\u00f3n Chamamecero: Historia y Actualidad\u201d, a cargo del profesor Alejandro Tato Ram\u00edrez, acordeonista del reconocido grupo correntino Tajy. La misma se realizar\u00e1 este martes 16 de enero, a las 11 horas, en el Museo de Bellas Artes \u201cJuan Ram\u00f3n Vidal\u201d (San Juan 634), de la ciudad de Corrientes, en el marco de la 33 edici\u00f3n de la Fiesta Nacional del Chamam\u00e9.<\/p>\n\n\n\n<p>Se invita a los asistentes a participar activamente, compartiendo sus propias experiencias y preguntas relacionadas con el fascinante mundo del chamam\u00e9. Este encuentro busca fomentar un di\u00e1logo enriquecedor que promueva la difusi\u00f3n y aprecio de esta rica expresi\u00f3n cultural entre los amantes del Chamam\u00e9.<\/p>\n\n\n\n<p>Durante la charla, se proyectar\u00e1 una parte del documental audiovisual denominado \u201cTierradentro: Fuelles chamameceros\u201d, resultado de una investigaci\u00f3n que busca conocer a aquellos que desempe\u00f1an un papel fundamental en la escena del chamam\u00e9 en sus comunidades. Esta producci\u00f3n, llevada a cabo en 2023, incluye un recorrido inicial por al menos 15 localidades correntinas.<\/p>\n\n\n\n<p>La serie documental recoge entrevistas y testimonios musicales de acordeonistas y bandoneonistas de los pueblos y ciudades de la provincia de Corrientes. Estos m\u00fasicos son los custodios de conocimientos y t\u00e9cnicas chamameceras esenciales para la preservaci\u00f3n del Chamam\u00e9 como Patrimonio Cultural Inmaterial de la Humanidad.<\/p>\n\n\n\n<p><strong>Sobre la charla<\/strong><\/p>\n\n\n\n<p>El acorde\u00f3n y el bandone\u00f3n se han arraigado en estas tierras, otorgando su distintivo sonido al chamam\u00e9 y a todo su universo sonoro. Estos instrumentos, originarios de Europa en el siglo XIX, se han dispersado por todo el mundo desde entonces. En Corrientes, los criollos adoptaron la &#8220;verdulera&#8221; como medio de expresi\u00f3n, convirti\u00e9ndola en un s\u00edmbolo de nuestra identidad chamamecera. Se trata del acorde\u00f3n de 2 hileras y 8 bajos, un instrumento t\u00e9cnicamente limitado pero dotado de una gran sonoridad. En manos chamameceras, este acorde\u00f3n ha dado lugar a las m\u00e1s bellas melod\u00edas, demostrando la habilidad y pasi\u00f3n de los m\u00fasicos locales. Este arraigo instrumental contribuye a enriquecer la tradici\u00f3n chamamecera, conectando nuestras ra\u00edces culturales con la herencia musical europea.<\/p>\n\n\n\n<figure class=\"wp-block-image size-full\"><img loading=\"lazy\" decoding=\"async\" width=\"753\" height=\"940\" src=\"https:\/\/corrientesdetarde.com\/wp-content\/uploads\/2024\/01\/image-153.png\" alt=\"\" class=\"wp-image-118651\" srcset=\"https:\/\/corrientesdetarde.com\/wp-content\/uploads\/2024\/01\/image-153.png 753w, https:\/\/corrientesdetarde.com\/wp-content\/uploads\/2024\/01\/image-153-240x300.png 240w\" sizes=\"auto, (max-width: 753px) 100vw, 753px\" \/><\/figure>\n","protected":false},"excerpt":{"rendered":"<p>El Instituto de Cultura invita a la Charla Abierta titulada \u201cEl Acorde\u00f3n Chamamecero: Historia y Actualidad\u201d, a cargo del profesor Alejandro Tato Ram\u00edrez, acordeonista del reconocido grupo correntino Tajy. La&hellip; <\/p>\n","protected":false},"author":4,"featured_media":118654,"comment_status":"closed","ping_status":"open","sticky":false,"template":"","format":"standard","meta":{"footnotes":""},"categories":[15],"tags":[],"class_list":["post-118650","post","type-post","status-publish","format-standard","has-post-thumbnail","hentry","category-cultura"],"_links":{"self":[{"href":"https:\/\/corrientesdetarde.com\/index.php\/wp-json\/wp\/v2\/posts\/118650","targetHints":{"allow":["GET"]}}],"collection":[{"href":"https:\/\/corrientesdetarde.com\/index.php\/wp-json\/wp\/v2\/posts"}],"about":[{"href":"https:\/\/corrientesdetarde.com\/index.php\/wp-json\/wp\/v2\/types\/post"}],"author":[{"embeddable":true,"href":"https:\/\/corrientesdetarde.com\/index.php\/wp-json\/wp\/v2\/users\/4"}],"replies":[{"embeddable":true,"href":"https:\/\/corrientesdetarde.com\/index.php\/wp-json\/wp\/v2\/comments?post=118650"}],"version-history":[{"count":1,"href":"https:\/\/corrientesdetarde.com\/index.php\/wp-json\/wp\/v2\/posts\/118650\/revisions"}],"predecessor-version":[{"id":118653,"href":"https:\/\/corrientesdetarde.com\/index.php\/wp-json\/wp\/v2\/posts\/118650\/revisions\/118653"}],"wp:featuredmedia":[{"embeddable":true,"href":"https:\/\/corrientesdetarde.com\/index.php\/wp-json\/wp\/v2\/media\/118654"}],"wp:attachment":[{"href":"https:\/\/corrientesdetarde.com\/index.php\/wp-json\/wp\/v2\/media?parent=118650"}],"wp:term":[{"taxonomy":"category","embeddable":true,"href":"https:\/\/corrientesdetarde.com\/index.php\/wp-json\/wp\/v2\/categories?post=118650"},{"taxonomy":"post_tag","embeddable":true,"href":"https:\/\/corrientesdetarde.com\/index.php\/wp-json\/wp\/v2\/tags?post=118650"}],"curies":[{"name":"wp","href":"https:\/\/api.w.org\/{rel}","templated":true}]}}