{"id":118656,"date":"2024-01-16T00:41:24","date_gmt":"2024-01-16T03:41:24","guid":{"rendered":"https:\/\/corrientesdetarde.com\/?p=118656"},"modified":"2024-01-16T00:41:41","modified_gmt":"2024-01-16T03:41:41","slug":"atentado-en-israel-dos-palestinos-matan-a-una-mujer-y-hieren-a-17-personas","status":"publish","type":"post","link":"https:\/\/corrientesdetarde.com\/index.php\/internacionales\/atentado-en-israel-dos-palestinos-matan-a-una-mujer-y-hieren-a-17-personas\/","title":{"rendered":"Atentado en Israel: dos palestinos matan a una mujer y hieren a 17 personas"},"content":{"rendered":"\n<p>Ocurri\u00f3 en Raanana, al norte de Tel Aviv. Los atacantes, procedentes de Cisjordania, embistieron contra la gente con autom\u00f3viles, dijo la Polic\u00eda.<\/p>\n\n\n\n<p><strong>Dos palestinos perpetraron el lunes atropellos coordinados en el centro de Israel, matando a una mujer e hiriendo a otras 17 personas<\/strong>, informaron la polic\u00eda y los servicios m\u00e9dicos, en un momento en el que se disparan las tensiones por la\u00a0guerra de m\u00e1s de tres meses en la Franja de Gaza.<\/p>\n\n\n\n<p><strong>La polic\u00eda describi\u00f3 el incidente de<\/strong><strong>&nbsp;Raanana<\/strong><strong>, al norte de Tel Aviv, como un ataque terrorista y dijo que dos sospechosos estaban detenidos<\/strong>. Los dos proceden de la misma familia de Hebr\u00f3n, ciudad de la Cisjordania ocupada, y entraron ilegalmente en Israel, seg\u00fan la polic\u00eda.<\/p>\n\n\n\n<p><strong>&#8220;Salieron juntos y en paralelo, a dos lugares diferentes, tomaron dos autos y realizaron una serie de ataques&#8221;<\/strong>, dijo el jefe de polic\u00eda del distrito central, Avi Biton, a periodistas en&nbsp;Raanana. No hubo reivindicaciones inmediatas.<\/p>\n\n\n\n<p><strong>Al menos uno de los veh\u00edculos hab\u00eda sido robado<\/strong>, seg\u00fan la polic\u00eda. La televisi\u00f3n israel\u00ed mostr\u00f3 objetos personales esparcidos por una acera y dijo que hab\u00eda varios ni\u00f1os entre los heridos.<\/p>\n\n\n\n<p>M\u00e1s tarde,&nbsp;<strong>Hamas emiti\u00f3 un comunicado en el que celebr\u00f3 los dos atentados terroristas simult\u00e1neos perpetrados<\/strong>&nbsp;a primera hora del d\u00eda en Raanana.&nbsp;<\/p>\n\n\n\n<p>En la declaraci\u00f3n, Hamas dijo que los ataques fueron&nbsp;<strong>&#8220;una respuesta natural a las masacres generadas por la ocupaci\u00f3n y su continua agresi\u00f3n contra nuestro pueblo palestino&#8221;.<\/strong><\/p>\n\n\n\n<h3 class=\"wp-block-heading\">Bombardeos en Gaza<\/h3>\n\n\n\n<p>Las fuerzas&nbsp;israel\u00edes bombardearon el lunes objetivos en el sur, el norte y el centro de la Franja de Gaza, antes del esperado anuncio del grupo islamista palestino Ham\u00e1s sobre la suerte de tres rehenes&nbsp;israel\u00edes que aparecieron en un video el fin de semana.<\/p>\n\n\n\n<p><strong>Doce palestinos murieron y otros resultaron heridos en un ataque a\u00e9reo<\/strong><strong>&nbsp;israel<\/strong><strong>\u00ed durante la noche contra una casa en la ciudad de Gaza,<\/strong>&nbsp;en el norte del pa\u00eds, dijeron las autoridades sanitarias, mientras columnas de humo se elevaban sobre la ciudad de Jan Yunis, en el sur del pa\u00eds, bombardeada por tanques&nbsp;israel\u00edes.<\/p>\n\n\n\n<p>La Agencia de Prensa Palestina SAFA, afiliada a Ham\u00e1s, inform\u00f3 de feroces enfrentamientos entre militantes de Ham\u00e1s y fuerzas&nbsp;israel\u00edes en Jan Yunis, mientras que tambi\u00e9n se inform\u00f3 de bombardeos de tanques&nbsp;israel\u00edes cerca de los campos de refugiados de Al-Bureij y Al-Maghazi, en el centro de Gaza.<\/p>\n\n\n\n<p>En el campo de refugiados de Al-Nusseirat, la periodista local Doaa El-Baz mostr\u00f3 im\u00e1genes de lo que hab\u00eda sido la calle donde viv\u00eda.&nbsp;<strong>&#8220;Todo este barrio est\u00e1 destruido. No se ha salvado ni una sola casa&#8221;<\/strong>, afirm\u00f3 ante montones de escombros.<\/p>\n\n\n\n<p><strong>&#8220;Aqu\u00ed han acabado con todos nuestros sue\u00f1os. La casa donde crec\u00ed y pas\u00e9 toda mi infancia&#8221;<\/strong>, dijo Baz, con la voz temblorosa. Las comunicaciones en el estrecho enclave costero permanecieron cortadas por cuarto d\u00eda consecutivo, seg\u00fan los residentes.<\/p>\n\n\n\n<p>En un comunicado, el ej\u00e9rcito&nbsp;israel\u00ed dijo que hab\u00eda matado a dos combatientes palestinos en un ataque a\u00e9reo contra su veh\u00edculo cuando transportaba armas en Jan Yunis y tambi\u00e9n asalt\u00f3 un centro de mando de Ham\u00e1s en esa ciudad y atac\u00f3 dos dep\u00f3sitos de armas.<\/p>\n\n\n\n<p>Por otra parte,&nbsp;<strong>Ham\u00e1s difundi\u00f3 el domingo un video en el que mostraba a tres rehenes<\/strong><strong>&nbsp;israel<\/strong><strong>\u00edes que mantiene retenidos en Gaza<\/strong>&nbsp;e instaba al Gobierno&nbsp;israel\u00ed a detener su ofensiva a\u00e9rea y terrestre y lograr su liberaci\u00f3n.<\/p>\n\n\n\n<p>El video, de 37 segundos de duraci\u00f3n y sin fecha, en el que aparecen Noa Argamani, de 26 a\u00f1os, Yossi Sharabi, de 53, e Itai Svirsky, de 38, terminaba con la leyenda: &#8220;Ma\u00f1ana (lunes) les informaremos de su destino&#8221;.<\/p>\n\n\n\n<p>Alrededor de la mitad de los 240 rehenes tomados por Ham\u00e1s en su incursi\u00f3n del 7 de octubre en el sur de&nbsp;Israel&nbsp;fueron liberados durante una breve tregua en noviembre, pero&nbsp;Israel&nbsp;afirma que 132 permanecen en Gaza y que 25 han muerto en cautiverio.<\/p>\n","protected":false},"excerpt":{"rendered":"<p>Ocurri\u00f3 en Raanana, al norte de Tel Aviv. Los atacantes, procedentes de Cisjordania, embistieron contra la gente con autom\u00f3viles, dijo la Polic\u00eda. Dos palestinos perpetraron el lunes atropellos coordinados en&hellip; <\/p>\n","protected":false},"author":4,"featured_media":118657,"comment_status":"closed","ping_status":"open","sticky":false,"template":"","format":"standard","meta":{"footnotes":""},"categories":[11],"tags":[],"class_list":["post-118656","post","type-post","status-publish","format-standard","has-post-thumbnail","hentry","category-internacionales"],"_links":{"self":[{"href":"https:\/\/corrientesdetarde.com\/index.php\/wp-json\/wp\/v2\/posts\/118656","targetHints":{"allow":["GET"]}}],"collection":[{"href":"https:\/\/corrientesdetarde.com\/index.php\/wp-json\/wp\/v2\/posts"}],"about":[{"href":"https:\/\/corrientesdetarde.com\/index.php\/wp-json\/wp\/v2\/types\/post"}],"author":[{"embeddable":true,"href":"https:\/\/corrientesdetarde.com\/index.php\/wp-json\/wp\/v2\/users\/4"}],"replies":[{"embeddable":true,"href":"https:\/\/corrientesdetarde.com\/index.php\/wp-json\/wp\/v2\/comments?post=118656"}],"version-history":[{"count":2,"href":"https:\/\/corrientesdetarde.com\/index.php\/wp-json\/wp\/v2\/posts\/118656\/revisions"}],"predecessor-version":[{"id":118660,"href":"https:\/\/corrientesdetarde.com\/index.php\/wp-json\/wp\/v2\/posts\/118656\/revisions\/118660"}],"wp:featuredmedia":[{"embeddable":true,"href":"https:\/\/corrientesdetarde.com\/index.php\/wp-json\/wp\/v2\/media\/118657"}],"wp:attachment":[{"href":"https:\/\/corrientesdetarde.com\/index.php\/wp-json\/wp\/v2\/media?parent=118656"}],"wp:term":[{"taxonomy":"category","embeddable":true,"href":"https:\/\/corrientesdetarde.com\/index.php\/wp-json\/wp\/v2\/categories?post=118656"},{"taxonomy":"post_tag","embeddable":true,"href":"https:\/\/corrientesdetarde.com\/index.php\/wp-json\/wp\/v2\/tags?post=118656"}],"curies":[{"name":"wp","href":"https:\/\/api.w.org\/{rel}","templated":true}]}}