{"id":11872,"date":"2022-10-17T13:20:35","date_gmt":"2022-10-17T16:20:35","guid":{"rendered":"https:\/\/corrientesdetarde.com\/?p=11872"},"modified":"2022-10-17T13:20:40","modified_gmt":"2022-10-17T16:20:40","slug":"comenzo-el-pago-del-plus-de-refuerzo-para-los-estatales-de-corrientes","status":"publish","type":"post","link":"https:\/\/corrientesdetarde.com\/index.php\/locales\/comenzo-el-pago-del-plus-de-refuerzo-para-los-estatales-de-corrientes\/","title":{"rendered":"Comenz\u00f3 el pago del plus de refuerzo para los estatales de Corrientes"},"content":{"rendered":"\n<p>Este lunes 17 de octubre se comenz\u00f3 a pagar el adicional de 10 mil pesos para los empleados p\u00fablicos. El esquema se completar\u00e1 el viernes 21.<\/p>\n\n\n\n<p>Este lunes 17 de octubre los empleados p\u00fablicos de Corrientes comenzaron a cobrar el adicional de refeurzo. Se trata de una suma de 10 mil pesos que salen de las arcas provinciales.<\/p>\n\n\n\n<p>Este primer d\u00eda lo percibir\u00e1n los trabajadores estatales con DNI terminados en 0 y 1. Este tramo ya estaba disponible en cajeros desde el pasado s\u00e1bado 15.<\/p>\n\n\n\n<p>Contin\u00faa la liquidaci\u00f3n del beneficio el martes 18, para los agentes con DNI terminados en 2 y 3. Mientras que el mi\u00e9rcoles 19, percibir\u00e1n los agentes con documentos finalizados en 4 y 5. El jueves 20, para aquellos con DNI terminados en 6 y 7; y el cronograma termina el viernes 21 con los documentos que finalizan en 8 y 9. \u00a0<\/p>\n\n\n\n<figure class=\"wp-block-embed is-type-rich is-provider-twitter wp-block-embed-twitter\"><div class=\"wp-block-embed__wrapper\">\n<blockquote class=\"twitter-tweet\" data-width=\"550\" data-dnt=\"true\"><p lang=\"es\" dir=\"ltr\">\u00a1Buenos d\u00edas! El Plus de Refuerzo del mes de octubre para trabajadores provinciales activos y jubilados se pagar\u00e1 por terminaci\u00f3n de DNI:<br><br>\u2022 Lunes 17: 0 y 1*<br>\u2022 Martes 18: 2 y 3<br>\u2022 Mi\u00e9rcoles 19: 4 y 5<br>\u2022 Jueves 20: 6 y 7<br>\u2022 Viernes 21: 8 y 9<br><br>* En cajeros, s\u00e1bado 15.<\/p>&mdash; Gustavo Vald\u00e9s (@gustavovaldesok) <a href=\"https:\/\/twitter.com\/gustavovaldesok\/status\/1580546398948237313?ref_src=twsrc%5Etfw\">October 13, 2022<\/a><\/blockquote><script async src=\"https:\/\/platform.twitter.com\/widgets.js\" charset=\"utf-8\"><\/script>\n<\/div><\/figure>\n","protected":false},"excerpt":{"rendered":"<p>Este lunes 17 de octubre se comenz\u00f3 a pagar el adicional de 10 mil pesos para los empleados p\u00fablicos. El esquema se completar\u00e1 el viernes 21. Este lunes 17 de&hellip; <\/p>\n","protected":false},"author":4,"featured_media":11873,"comment_status":"closed","ping_status":"open","sticky":false,"template":"","format":"standard","meta":{"footnotes":""},"categories":[8],"tags":[],"class_list":["post-11872","post","type-post","status-publish","format-standard","has-post-thumbnail","hentry","category-locales"],"_links":{"self":[{"href":"https:\/\/corrientesdetarde.com\/index.php\/wp-json\/wp\/v2\/posts\/11872","targetHints":{"allow":["GET"]}}],"collection":[{"href":"https:\/\/corrientesdetarde.com\/index.php\/wp-json\/wp\/v2\/posts"}],"about":[{"href":"https:\/\/corrientesdetarde.com\/index.php\/wp-json\/wp\/v2\/types\/post"}],"author":[{"embeddable":true,"href":"https:\/\/corrientesdetarde.com\/index.php\/wp-json\/wp\/v2\/users\/4"}],"replies":[{"embeddable":true,"href":"https:\/\/corrientesdetarde.com\/index.php\/wp-json\/wp\/v2\/comments?post=11872"}],"version-history":[{"count":1,"href":"https:\/\/corrientesdetarde.com\/index.php\/wp-json\/wp\/v2\/posts\/11872\/revisions"}],"predecessor-version":[{"id":11874,"href":"https:\/\/corrientesdetarde.com\/index.php\/wp-json\/wp\/v2\/posts\/11872\/revisions\/11874"}],"wp:featuredmedia":[{"embeddable":true,"href":"https:\/\/corrientesdetarde.com\/index.php\/wp-json\/wp\/v2\/media\/11873"}],"wp:attachment":[{"href":"https:\/\/corrientesdetarde.com\/index.php\/wp-json\/wp\/v2\/media?parent=11872"}],"wp:term":[{"taxonomy":"category","embeddable":true,"href":"https:\/\/corrientesdetarde.com\/index.php\/wp-json\/wp\/v2\/categories?post=11872"},{"taxonomy":"post_tag","embeddable":true,"href":"https:\/\/corrientesdetarde.com\/index.php\/wp-json\/wp\/v2\/tags?post=11872"}],"curies":[{"name":"wp","href":"https:\/\/api.w.org\/{rel}","templated":true}]}}