{"id":119618,"date":"2024-01-19T22:46:49","date_gmt":"2024-01-20T01:46:49","guid":{"rendered":"https:\/\/corrientesdetarde.com\/?p=119618"},"modified":"2024-01-19T22:46:53","modified_gmt":"2024-01-20T01:46:53","slug":"brasil-aseguran-que-los-registros-de-vacunacion-de-bolsonaro-son-falsos","status":"publish","type":"post","link":"https:\/\/corrientesdetarde.com\/index.php\/internacionales\/brasil-aseguran-que-los-registros-de-vacunacion-de-bolsonaro-son-falsos\/","title":{"rendered":"Brasil: aseguran que los registros de vacunaci\u00f3n de Bolsonaro son falsos"},"content":{"rendered":"\n<p>El ex mandatario siempre rest\u00f3 importancia a la pandemia de Covid-19.<\/p>\n\n\n\n<p><strong>Los registros de vacunaci\u00f3n del ex presidente de Brasil Jair Bolsonaro son falsos,<\/strong>&nbsp;dijo el&nbsp;<br>jueves la Contralor\u00eda General del pa\u00eds, tras una investigaci\u00f3n sobre la supuesta manipulaci\u00f3n de la informaci\u00f3n en su tarjeta de&nbsp;<strong>COVID-19.<\/strong><\/p>\n\n\n\n<p><strong>Los registros muestran que Bolsonaro, un esc\u00e9ptico de la pandemia de COVID-19 que se opuso p\u00fablicamente a la vacuna, recibi\u00f3 una dosis del inmunizante en un centro de salud p\u00fablica en San Pablo en julio de 2021.<\/strong><\/p>\n\n\n\n<p><strong>La investigaci\u00f3n concluy\u00f3, sin embargo, que el ex presidente hab\u00eda abandonado la ciudad el d\u00eda anterior y no sali\u00f3 de Brasilia hasta tres d\u00edas despu\u00e9s, seg\u00fan un comunicado.<\/strong><\/p>\n\n\n\n<p>La enfermera que aparece en los registros como la que aplic\u00f3 la vacuna a Bolsonaro neg\u00f3 haberlo hecho y ya no trabajaba en el centro.&nbsp;<strong>El lote de vacunas listado tampoco estaba disponible en esa fecha,<\/strong>&nbsp;dijo la Contralor\u00eda General.<\/p>\n\n\n\n<p><strong>El registro de otras dos dosis de vacunas que habr\u00edan sido aplicadas a Bolsonaro fue eliminado de su historial&nbsp;<\/strong>incluso antes de que comenzaran las investigaciones, agreg\u00f3, diciendo que estas tambi\u00e9n eran falsas.<\/p>\n\n\n\n<p>En mayo pasado, el domicilio de<strong>&nbsp;Bolsonaro&nbsp;<\/strong>en Brasilia fue allanado por la polic\u00eda federal en el marco de la investigaci\u00f3n sobre las vacunas. Algunos de sus ayudantes fueron detenidos y se&nbsp;<br>incaut\u00f3 su tel\u00e9fono m\u00f3vil.<\/p>\n\n\n\n<p><strong>Bolsonaro neg\u00f3 previamente haber tenido conocimiento u ordenado que se introdujera informaci\u00f3n falsa en sus registros de vacunaci\u00f3n.<\/strong><\/p>\n\n\n\n<p>Durante su mandato,&nbsp;<strong>Bolsonaro rest\u00f3 importancia en repetidas ocasiones a las medidas de inmunizaci\u00f3n y distanciamiento social durante la pandemia.&nbsp;<\/strong>A menudo declar\u00f3 que no se hab\u00eda vacunado contra la enfermedad y que no lo har\u00eda.<\/p>\n\n\n\n<p>Tambi\u00e9n<strong>&nbsp;desestim\u00f3 la eficacia de las vacunas y difundi\u00f3 temores sobre los posibles efectos secundarios de la inmunizaci\u00f3n,&nbsp;<\/strong>llegando incluso a asociar falsamente la vacuna con el desarrollo del sida.<\/p>\n\n\n\n<p>Bolsonaro fue infectado con COVID-19 en julio de 2020, casi un a\u00f1o antes del registro de su primera vacuna.<\/p>\n","protected":false},"excerpt":{"rendered":"<p>El ex mandatario siempre rest\u00f3 importancia a la pandemia de Covid-19. Los registros de vacunaci\u00f3n del ex presidente de Brasil Jair Bolsonaro son falsos,&nbsp;dijo el&nbsp;jueves la Contralor\u00eda General del pa\u00eds,&hellip; <\/p>\n","protected":false},"author":4,"featured_media":119619,"comment_status":"closed","ping_status":"open","sticky":false,"template":"","format":"standard","meta":{"footnotes":""},"categories":[11],"tags":[],"class_list":["post-119618","post","type-post","status-publish","format-standard","has-post-thumbnail","hentry","category-internacionales"],"_links":{"self":[{"href":"https:\/\/corrientesdetarde.com\/index.php\/wp-json\/wp\/v2\/posts\/119618","targetHints":{"allow":["GET"]}}],"collection":[{"href":"https:\/\/corrientesdetarde.com\/index.php\/wp-json\/wp\/v2\/posts"}],"about":[{"href":"https:\/\/corrientesdetarde.com\/index.php\/wp-json\/wp\/v2\/types\/post"}],"author":[{"embeddable":true,"href":"https:\/\/corrientesdetarde.com\/index.php\/wp-json\/wp\/v2\/users\/4"}],"replies":[{"embeddable":true,"href":"https:\/\/corrientesdetarde.com\/index.php\/wp-json\/wp\/v2\/comments?post=119618"}],"version-history":[{"count":1,"href":"https:\/\/corrientesdetarde.com\/index.php\/wp-json\/wp\/v2\/posts\/119618\/revisions"}],"predecessor-version":[{"id":119620,"href":"https:\/\/corrientesdetarde.com\/index.php\/wp-json\/wp\/v2\/posts\/119618\/revisions\/119620"}],"wp:featuredmedia":[{"embeddable":true,"href":"https:\/\/corrientesdetarde.com\/index.php\/wp-json\/wp\/v2\/media\/119619"}],"wp:attachment":[{"href":"https:\/\/corrientesdetarde.com\/index.php\/wp-json\/wp\/v2\/media?parent=119618"}],"wp:term":[{"taxonomy":"category","embeddable":true,"href":"https:\/\/corrientesdetarde.com\/index.php\/wp-json\/wp\/v2\/categories?post=119618"},{"taxonomy":"post_tag","embeddable":true,"href":"https:\/\/corrientesdetarde.com\/index.php\/wp-json\/wp\/v2\/tags?post=119618"}],"curies":[{"name":"wp","href":"https:\/\/api.w.org\/{rel}","templated":true}]}}