{"id":119646,"date":"2024-01-20T09:06:48","date_gmt":"2024-01-20T12:06:48","guid":{"rendered":"https:\/\/corrientesdetarde.com\/?p=119646"},"modified":"2024-01-20T09:06:50","modified_gmt":"2024-01-20T12:06:50","slug":"valdes-evaluo-y-prometio-mas-asistencia-a-municipios-afectados-por-las-lluvias","status":"publish","type":"post","link":"https:\/\/corrientesdetarde.com\/index.php\/informacion-general\/valdes-evaluo-y-prometio-mas-asistencia-a-municipios-afectados-por-las-lluvias\/","title":{"rendered":"Vald\u00e9s evalu\u00f3 y prometi\u00f3 m\u00e1s asistencia a municipios afectados por las lluvias"},"content":{"rendered":"\n<p>El mandatario provincial \u00a0recibi\u00f3 a los jefes comunales de Goya, Bella Vista, Esquina, Perugorr\u00eda, Lavalle, San Isidro y Chavarr\u00eda para realizar un seguimiento de la situaci\u00f3n tras los eventos clim\u00e1ticos.\u00a0<\/p>\n\n\n\n<p>El gobernador Gustavo Vald\u00e9s ayer se reuni\u00f3 con los intendentes de Goya, Bella Vista, Esquina, Perugorr\u00eda, Lavalle, San Isidro y Chavarr\u00eda para realizar un seguimiento de la situaci\u00f3n de cada municipio tras las tormentas y lluvias. Hubo pedidos por parte de los jefes comunales y tambi\u00e9n un compromiso del Gobierno Provincial en cuanto a la asistencia a los damnificados y a las ciudades. &nbsp;<\/p>\n\n\n\n<p>En el marco de las acciones que viene llevando adelante el Gobierno Provincial para asistir a los municipios y a las familias afectadas por las inclemencias del tiempo, ayer el mandatario provincial mantuvo un encuentro con los jefes comunales Mariano Hormaechea (Goya), Noelia Bazzi (Bella Vista), Hugo Ben\u00edtez (Esquina), Juan Castellano (Perugorr\u00eda), Hugo Perrotta (Lavalle), Carlos Mart\u00ednez (San Isidro) y Juan Mazzoli (Chavarr\u00eda). Tambi\u00e9n participaron de la reuni\u00f3n el Ministro Secretario General Carlos Vignolo, el Ministro de la Producci\u00f3n de Corrientes, Claudio Anselmo, el Subsecretario de Asuntos de Estado, Javier Saez y el interventor de la Direcci\u00f3n Provincial de Energ\u00eda de Corrientes (Dpec), Alfredo A\u00fan.<\/p>\n\n\n\n<p>\u201cPara hacer un seguimiento de la situaci\u00f3n de cada municipio tras las tormentas y lluvias, como tambi\u00e9n continuar trabajando articuladamente junto al Gobierno de Corrientes, nos reunimos con los intendentes de #Goya, #BellaVista, #Esquina, #Perugorr\u00eda, #Lavalle, #SanIsidro y #Chavarr\u00eda\u201d, public\u00f3 el gobernador Gustavo Vald\u00e9s.&nbsp;<\/p>\n\n\n\n<p>&#8220;Continuamos trabajando articuladamente junto al Gobierno provincial&#8221;, asegur\u00f3 el mandatario.<\/p>\n\n\n\n<p>En este marco, sobre la reuni\u00f3n entre el gobernador y los intendentes, El Litoral dialog\u00f3 con el Ministro de la Producci\u00f3n de Corrientes, Claudio Anselmo quien form\u00f3 parte del encuentro. \u201cEstuvieron evaluando la situaci\u00f3n de cada una de las localidades que tuvieron un evento clim\u00e1tico importante lluvias o tormentas y ver c\u00f3mo siguen evolucionando\u201d.&nbsp;<\/p>\n\n\n\n<p>\u201cSe habl\u00f3 de la situaci\u00f3n de cada uno de los municipios y por supuesto colaborando con las intendencias y los municipios para resolver los problemas\u201d, agreg\u00f3 aclarando que no se acord\u00f3 una nueva reuni\u00f3n, dado que el contacto seguir\u00e1 siendo permanente.&nbsp;<\/p>\n\n\n\n<p>Por su parte, el intendente de Esquina, Hugo Ben\u00edtez en contacto con este matutino se refiri\u00f3 a la reuni\u00f3n y dijo que \u201cdialogamos sobre las consecuencias de las inclemencias del tiempo en el sur correntino con los intendentes de Chavarria, Perugorria, Goya, San Isidro, Lavalle, entre otros\u201d.<\/p>\n\n\n\n<p>\u201cEn Esquina ahora hay 36 familias evacuadas y autoevacuados hay m\u00e1s. Pero est\u00e1n bajando las aguas y estos d\u00edas lindos hacen que estemos m\u00e1s tranquilos ya que la gente puede volver a sus casas aunque la situaci\u00f3n tambi\u00e9n es bastante dif\u00edcil, porque una cosa es ver cuando est\u00e1n inundados y otra es ver cuando se van las aguas y tenemos que volver a estar con ellos\u201d.&nbsp;<\/p>\n\n\n\n<p>Pero en esa l\u00ednea, Benitez aclar\u00f3 que \u201cnosotros solicitamos ayuda alimentaria porque vamos a seguir con evacuados porque ahora la creciente del R\u00edo Corrientes, Avalos y del Sarand\u00ed van a hacer que se inunde toda la zona del Paraje Malezal y Malvinas. Esperamos la evacuaci\u00f3n de m\u00e1s o menos 70 familias. Le pedimos m\u00e1s aporte como nailon, alimentos y repelentes para combatir el dengue\u201d.<\/p>\n\n\n\n<p>\u201cMa\u00f1ana (por hoy) o pasado a esas zonas ya estar\u00eda llegando el agua que cay\u00f3 en Mercedes, Curuz\u00fa Cuati\u00e1 y Perugorria que baja por el r\u00edo Corrientes se mete por el \u00c1valos y el Sarand\u00ed y la otra parte sigue por el Corrientes. Por eso es que van a haber dos partes que vamos a tener inundados m\u00e1s adelante\u201d, advirti\u00f3<\/p>\n\n\n\n<p>\u201cY ante esta situaci\u00f3n por supuesto que hay un compromiso del Gobernador que seguramente va a cumplir como lo est\u00e1 haciendo ahora\u201d, remarc\u00f3 haciendo alusi\u00f3n a los trabajos que se realizaron en la localidad de Bella Vista tras el tornado que afect\u00f3 a la ciudad. \u201cEsto nos pone contento a todos nosotros que somos comprovincianos, igual Goya y las otras ciudades que ya bajaron las aguas. El intendente de Mercedes tambi\u00e9n se comunic\u00f3 con Vald\u00e9s y faltar\u00eda el de Santa Luc\u00eda, pero se que las aguas est\u00e1n bajando y se estipula que va a haber mejor tiempo estos d\u00edas\u201d.&nbsp;<\/p>\n\n\n\n<p>Benitez insisti\u00f3 en \u201cla buena predisposici\u00f3n por parte del Gobernador\u201d y agreg\u00f3 que \u201cnosotros hicimos ver tambi\u00e9n que tuvimos el derrumbe de una parte de la costanera con m\u00e1s o menos 400 mil\u00edmetros que cayeron en tres d\u00edas y m\u00e1s de 1.000 mil\u00edmetros en 12 o 13 d\u00edas en Esquina y eso hizo que colapsara una parte que hab\u00edamos hecho\u201d. \u201cSe comprometi\u00f3 en ir a mirar y ver c\u00f3mo puede ayudarnos para poder poner en pie eso y que seguramente lo vamos a arreglar entre todos\u201d, detall\u00f3.<\/p>\n\n\n\n<p>En lo que respecta a la reuni\u00f3n en general, el Jefe Comunal de Esquina indic\u00f3 que \u201cdespu\u00e9s cada uno de los intendentes coment\u00f3 su realidad que en su mayor\u00eda son iguales, porque hay muchos evacuados y autoevacuados. Algunos tienen rotura de pavimento ya que el agua pas\u00f3 por debajo del pavimento como en la zona de Perugorr\u00eda\u201d.<\/p>\n","protected":false},"excerpt":{"rendered":"<p>El mandatario provincial \u00a0recibi\u00f3 a los jefes comunales de Goya, Bella Vista, Esquina, Perugorr\u00eda, Lavalle, San Isidro y Chavarr\u00eda para realizar un seguimiento de la situaci\u00f3n tras los eventos clim\u00e1ticos.\u00a0&hellip; <\/p>\n","protected":false},"author":3,"featured_media":119647,"comment_status":"closed","ping_status":"open","sticky":false,"template":"","format":"standard","meta":{"footnotes":""},"categories":[1],"tags":[],"class_list":["post-119646","post","type-post","status-publish","format-standard","has-post-thumbnail","hentry","category-informacion-general"],"_links":{"self":[{"href":"https:\/\/corrientesdetarde.com\/index.php\/wp-json\/wp\/v2\/posts\/119646","targetHints":{"allow":["GET"]}}],"collection":[{"href":"https:\/\/corrientesdetarde.com\/index.php\/wp-json\/wp\/v2\/posts"}],"about":[{"href":"https:\/\/corrientesdetarde.com\/index.php\/wp-json\/wp\/v2\/types\/post"}],"author":[{"embeddable":true,"href":"https:\/\/corrientesdetarde.com\/index.php\/wp-json\/wp\/v2\/users\/3"}],"replies":[{"embeddable":true,"href":"https:\/\/corrientesdetarde.com\/index.php\/wp-json\/wp\/v2\/comments?post=119646"}],"version-history":[{"count":1,"href":"https:\/\/corrientesdetarde.com\/index.php\/wp-json\/wp\/v2\/posts\/119646\/revisions"}],"predecessor-version":[{"id":119648,"href":"https:\/\/corrientesdetarde.com\/index.php\/wp-json\/wp\/v2\/posts\/119646\/revisions\/119648"}],"wp:featuredmedia":[{"embeddable":true,"href":"https:\/\/corrientesdetarde.com\/index.php\/wp-json\/wp\/v2\/media\/119647"}],"wp:attachment":[{"href":"https:\/\/corrientesdetarde.com\/index.php\/wp-json\/wp\/v2\/media?parent=119646"}],"wp:term":[{"taxonomy":"category","embeddable":true,"href":"https:\/\/corrientesdetarde.com\/index.php\/wp-json\/wp\/v2\/categories?post=119646"},{"taxonomy":"post_tag","embeddable":true,"href":"https:\/\/corrientesdetarde.com\/index.php\/wp-json\/wp\/v2\/tags?post=119646"}],"curies":[{"name":"wp","href":"https:\/\/api.w.org\/{rel}","templated":true}]}}