{"id":119748,"date":"2024-01-20T16:31:25","date_gmt":"2024-01-20T19:31:25","guid":{"rendered":"https:\/\/corrientesdetarde.com\/?p=119748"},"modified":"2024-01-20T16:31:59","modified_gmt":"2024-01-20T19:31:59","slug":"buscan-en-pilar-a-una-mujer-con-retraso-madurativo-que-desaparecio-hace-15-dias-creen-que-esta-con-un-hombre","status":"publish","type":"post","link":"https:\/\/corrientesdetarde.com\/index.php\/policiales\/buscan-en-pilar-a-una-mujer-con-retraso-madurativo-que-desaparecio-hace-15-dias-creen-que-esta-con-un-hombre\/","title":{"rendered":"Buscan en Pilar a una mujer con retraso madurativo que desapareci\u00f3 hace 15 d\u00edas: creen que est\u00e1 con un hombre"},"content":{"rendered":"\n<p><strong>Una mujer de 30 a\u00f1os con retraso madurativo\u00a0desapareci\u00f3\u00a0el 5 de enero<\/strong>, cuando sali\u00f3 de su casa en\u00a0<strong>Presidente Derqui, partido de Pilar<\/strong>, y jam\u00e1s regres\u00f3. Se llama\u00a0<strong>Emilce Gonz\u00e1lez,\u00a0<\/strong>esmam\u00e1 de dos nenes chiquitos y no tiene celular ni SUBE. Su familia inici\u00f3 una desesperada b\u00fasqueda, pero hasta el d\u00eda de hoy no tienen noticias sobre su paradero.<\/p>\n\n\n\n<p>La joven se fue de su vivienda entre las 14 y las 15 de ese viernes sin decir su destino. En las \u00faltimas horas circul\u00f3 la versi\u00f3n de que<strong>\u00a0la chica habr\u00eda tenido una cita con un joven que conoci\u00f3 por\u00a0TikTok<\/strong>. Sin embargo,<strong>\u00a0su pap\u00e1 descart\u00f3 esta hip\u00f3tesis<\/strong>\u00a0y cont\u00f3 detalles de los avances de la investigaci\u00f3n. Sospecha que estar\u00eda deambulando con un hombre en situaci\u00f3n de calle, ya que asegura que \u201cno sabe viajar sola\u201d.<\/p>\n\n\n\n<p>\u201cElla desde chica que presenta un retraso madurativo y nunca se manej\u00f3 sola, ni viaj\u00f3 a otro lado sin nosotros. Primero se dec\u00eda que hab\u00eda tenido una cita con alguien que conoci\u00f3 en las redes, pero la polic\u00eda investig\u00f3 y&nbsp;<strong>nunca se concret\u00f3 ese encuentro<\/strong>\u201d, sostuvo Walter Gonz\u00e1lez en di\u00e1logo con&nbsp;<strong>TN<\/strong>.<\/p>\n\n\n\n<p>Para rechazar esta teor\u00eda, los investigadores tuvieron que revisar el celular de la hija m\u00e1s chica de Emilce, ya que la joven madre no tiene tel\u00e9fono. \u201c<strong>Ella le us\u00f3 el celular a mi nieta, ya que decidimos que no tenga m\u00e1s tel\u00e9fono<\/strong>, porque&nbsp;<strong>es muy sociable<\/strong>&nbsp;y habla con mucha gente desconocida. Se ve que estuvo chateando con alguien en TikTok, pero revisamos las conversaciones y no pactaron un encuentro\u201d, agreg\u00f3.<\/p>\n\n\n\n<figure class=\"wp-block-image\"><img decoding=\"async\" src=\"https:\/\/tn.com.ar\/resizer\/9arO-QYK0X9zq1OekXzbEnTH-T0=\/767x0\/smart\/filters:format(webp)\/cloudfront-us-east-1.images.arcpublishing.com\/artear\/RW6AWV6ONBAVHI24TVRUYBDPQA.png\" alt=\"Emilce Gonz\u00e1lez est\u00e1 desaparecida desde el 5 de enero. (Foto: Facebook)\"\/><figcaption>Emilce Gonz\u00e1lez est\u00e1 desaparecida desde el 5 de enero. (Foto: Facebook)<\/figcaption><\/figure>\n\n\n\n<p>Desesperado, el pap\u00e1 y toda la familia salen todos los d\u00edas a recorrer la ciudad. Tambi\u00e9n van a otras localidades con la esperanza de verla caminando por la calle. Seg\u00fan revel\u00f3 a este medio,&nbsp;<strong>la mujer estar\u00eda con un hombre en situaci\u00f3n de calle<\/strong>. Lo supo gracias a una persona que la vio. \u201cUn pastor nos ayud\u00f3 con la b\u00fasqueda y public\u00f3 su foto en las redes.&nbsp;<strong>Una conocida de \u00e9l vio la cara de mi hija y la reconoci\u00f3. Dijo que la vio con su cu\u00f1ado<\/strong>, que es un hombre que vive en la calle\u201d, sostuvo.<\/p>\n\n\n\n<p>\u201cYo creo que \u00e9l la invit\u00f3 a tomar algo, o le dijo que vayan a alg\u00fan lado. Ella<strong>&nbsp;es muy f\u00e1cil de convencer por su retraso<\/strong>, no comprende algunas cosas y no toma dimensi\u00f3n de lo que puede pasar\u201d, aclar\u00f3.<\/p>\n\n\n\n<p>Ya pasaron 15 d\u00edas de su desaparici\u00f3n y su pap\u00e1 pide la difusi\u00f3n de su foto. \u201cSabemos que la polic\u00eda la est\u00e1 buscando, pero no nos dieron acceso a las c\u00e1maras de seguridad. Necesitamos que se viralice su cara para poder hallarla. Estamos a la expectativa y no bajamos los brazos, salimos todos los d\u00edas a recorrer la zona de Pilar, Moreno, General Rodr\u00edguez y Once porque creemos que estar\u00eda manejandose en tren. Tambi\u00e9n acudimos a los cartoneros y otras personas de la calle.&nbsp;<strong>Muchos nos dijeron que la vieron con un tal Marquitos<\/strong>\u201d, cerr\u00f3.<\/p>\n\n\n\n<p>En caso de tener informaci\u00f3n sobre Emilce Gonz\u00e1lez, comunicarse con al 911 o con el pap\u00e1 a trav\u00e9s del tel\u00e9fono 11-5054-3356.<\/p>\n","protected":false},"excerpt":{"rendered":"<p>Una mujer de 30 a\u00f1os con retraso madurativo\u00a0desapareci\u00f3\u00a0el 5 de enero, cuando sali\u00f3 de su casa en\u00a0Presidente Derqui, partido de Pilar, y jam\u00e1s regres\u00f3. Se llama\u00a0Emilce Gonz\u00e1lez,\u00a0esmam\u00e1 de dos nenes&hellip; <\/p>\n","protected":false},"author":12,"featured_media":119772,"comment_status":"closed","ping_status":"open","sticky":false,"template":"","format":"standard","meta":{"footnotes":""},"categories":[33],"tags":[],"class_list":["post-119748","post","type-post","status-publish","format-standard","has-post-thumbnail","hentry","category-policiales"],"_links":{"self":[{"href":"https:\/\/corrientesdetarde.com\/index.php\/wp-json\/wp\/v2\/posts\/119748","targetHints":{"allow":["GET"]}}],"collection":[{"href":"https:\/\/corrientesdetarde.com\/index.php\/wp-json\/wp\/v2\/posts"}],"about":[{"href":"https:\/\/corrientesdetarde.com\/index.php\/wp-json\/wp\/v2\/types\/post"}],"author":[{"embeddable":true,"href":"https:\/\/corrientesdetarde.com\/index.php\/wp-json\/wp\/v2\/users\/12"}],"replies":[{"embeddable":true,"href":"https:\/\/corrientesdetarde.com\/index.php\/wp-json\/wp\/v2\/comments?post=119748"}],"version-history":[{"count":2,"href":"https:\/\/corrientesdetarde.com\/index.php\/wp-json\/wp\/v2\/posts\/119748\/revisions"}],"predecessor-version":[{"id":119774,"href":"https:\/\/corrientesdetarde.com\/index.php\/wp-json\/wp\/v2\/posts\/119748\/revisions\/119774"}],"wp:featuredmedia":[{"embeddable":true,"href":"https:\/\/corrientesdetarde.com\/index.php\/wp-json\/wp\/v2\/media\/119772"}],"wp:attachment":[{"href":"https:\/\/corrientesdetarde.com\/index.php\/wp-json\/wp\/v2\/media?parent=119748"}],"wp:term":[{"taxonomy":"category","embeddable":true,"href":"https:\/\/corrientesdetarde.com\/index.php\/wp-json\/wp\/v2\/categories?post=119748"},{"taxonomy":"post_tag","embeddable":true,"href":"https:\/\/corrientesdetarde.com\/index.php\/wp-json\/wp\/v2\/tags?post=119748"}],"curies":[{"name":"wp","href":"https:\/\/api.w.org\/{rel}","templated":true}]}}