{"id":119784,"date":"2024-01-20T19:38:59","date_gmt":"2024-01-20T22:38:59","guid":{"rendered":"https:\/\/corrientesdetarde.com\/?p=119784"},"modified":"2024-01-20T19:39:03","modified_gmt":"2024-01-20T22:39:03","slug":"diez-victimas-fatales-por-dengue-en-corrientes","status":"publish","type":"post","link":"https:\/\/corrientesdetarde.com\/index.php\/bienestar-y-salud\/diez-victimas-fatales-por-dengue-en-corrientes\/","title":{"rendered":"diez v\u00edctimas fatales por dengue en Corrientes"},"content":{"rendered":"\n<p>En la jornada de ayer, en un parte oficial del Ministerio de Salud de la Provincia de Corrientes, informaron que la cantidad de fallecidos como consecuencia de ser casos positivos de dengue alcanz\u00f3 la cifra de 10 personas y que el total es de 201, seg\u00fan el conteo realizado por la cartera sanitaria provincial.<\/p>\n\n\n\n<p>Cabe recordar que la \u00faltima vez que de manera oficial dieron un n\u00famero fue de tres personas que no hab\u00edan podido atravesar la enfermedad de manera satisfactoria, por lo que la sorpresa fue enorme al ver la cantidad de fallecidos que ya tiene la provincia como consecuencia de esta patolog\u00eda.<\/p>\n\n\n\n<p>El primer caso de la temporada informado por la cartera de Salud se registr\u00f3 el 27 de diciembre, lo que significa que en algo m\u00e1s de tres semanas se lleg\u00f3 a la decena de v\u00edctimas fatales como consecuencia de esta enfermedad que d\u00eda tras d\u00eda registra un n\u00famero importante de infectados, no solo en Capital sino tambi\u00e9n en el interior de la provincia.<\/p>\n\n\n\n<p>La cartera sanitaria contin\u00faa con los bloqueos y trabajos de prevenci\u00f3n para tratar de combatir a esta enfermedad que se extiende por toda la ciudad debido al mosquito transmisor de la enfermedad.<\/p>\n","protected":false},"excerpt":{"rendered":"<p>En la jornada de ayer, en un parte oficial del Ministerio de Salud de la Provincia de Corrientes, informaron que la cantidad de fallecidos como consecuencia de ser casos positivos&hellip; <\/p>\n","protected":false},"author":1,"featured_media":117926,"comment_status":"closed","ping_status":"open","sticky":false,"template":"","format":"standard","meta":{"footnotes":""},"categories":[16],"tags":[],"class_list":["post-119784","post","type-post","status-publish","format-standard","has-post-thumbnail","hentry","category-bienestar-y-salud"],"_links":{"self":[{"href":"https:\/\/corrientesdetarde.com\/index.php\/wp-json\/wp\/v2\/posts\/119784","targetHints":{"allow":["GET"]}}],"collection":[{"href":"https:\/\/corrientesdetarde.com\/index.php\/wp-json\/wp\/v2\/posts"}],"about":[{"href":"https:\/\/corrientesdetarde.com\/index.php\/wp-json\/wp\/v2\/types\/post"}],"author":[{"embeddable":true,"href":"https:\/\/corrientesdetarde.com\/index.php\/wp-json\/wp\/v2\/users\/1"}],"replies":[{"embeddable":true,"href":"https:\/\/corrientesdetarde.com\/index.php\/wp-json\/wp\/v2\/comments?post=119784"}],"version-history":[{"count":1,"href":"https:\/\/corrientesdetarde.com\/index.php\/wp-json\/wp\/v2\/posts\/119784\/revisions"}],"predecessor-version":[{"id":119792,"href":"https:\/\/corrientesdetarde.com\/index.php\/wp-json\/wp\/v2\/posts\/119784\/revisions\/119792"}],"wp:featuredmedia":[{"embeddable":true,"href":"https:\/\/corrientesdetarde.com\/index.php\/wp-json\/wp\/v2\/media\/117926"}],"wp:attachment":[{"href":"https:\/\/corrientesdetarde.com\/index.php\/wp-json\/wp\/v2\/media?parent=119784"}],"wp:term":[{"taxonomy":"category","embeddable":true,"href":"https:\/\/corrientesdetarde.com\/index.php\/wp-json\/wp\/v2\/categories?post=119784"},{"taxonomy":"post_tag","embeddable":true,"href":"https:\/\/corrientesdetarde.com\/index.php\/wp-json\/wp\/v2\/tags?post=119784"}],"curies":[{"name":"wp","href":"https:\/\/api.w.org\/{rel}","templated":true}]}}