{"id":119797,"date":"2024-01-20T19:43:05","date_gmt":"2024-01-20T22:43:05","guid":{"rendered":"https:\/\/corrientesdetarde.com\/?p=119797"},"modified":"2024-01-20T19:43:17","modified_gmt":"2024-01-20T22:43:17","slug":"un-nuevo-yaguarete-de-paraguay-vivira-en-el-ibera","status":"publish","type":"post","link":"https:\/\/corrientesdetarde.com\/index.php\/medio-ambiente\/un-nuevo-yaguarete-de-paraguay-vivira-en-el-ibera\/","title":{"rendered":"un nuevo yaguaret\u00e9 de Paraguay vivir\u00e1 en el Iber\u00e1"},"content":{"rendered":"\n<p>Lleg\u00f3 Caratai, un nuevo yaguaret\u00e9 de Paraguay que vivir\u00e1 en el Iber\u00e1. Fue rescatado gracias al apoyo entre Paraguay y Argentina y se sumar\u00e1 al plantel reproductor.&nbsp;<\/p>\n\n\n\n<p>&#8220;Su historia podr\u00eda haber sido como la de muchos otros de su especie, pero afortunadamente este yaguaret\u00e9 hu\u00e9rfano fue rescatado en el Chaco paraguayo por el personal del Refugio Silvestre Uruta\u00fa, quienes luego lo cuidaron y lo vieron crecer&#8221;, se\u00f1alaron desde la Fundaci\u00f3n Rewilding en sus redes sociales.<\/p>\n\n\n\n<p>Seg\u00fan indicaron, el animal fue rescatado en una zona cercana a la frontera con Bolivia.&nbsp;&nbsp;Ahora, antes de ser trasladado a Iber\u00e1, pasa sus d\u00edas en San Cayetano.&nbsp;<\/p>\n\n\n\n<p><strong>Hoy Caratai, con casi tres a\u00f1os de edad, se convierte en protagonista de la recuperaci\u00f3n de su especie. \u00c9l ya se encuentra en Corrientes transitando su per\u00edodo de cuarentena. &#8220;Donde nos aseguramos de que cumpla con todos los requisitos sanitarios antes de ser trasladado a Iber\u00e1&#8221;, mencionaron.\u00a0<\/strong><\/p>\n\n\n\n<iframe loading=\"lazy\" name=\"f3ea088b58ed5d8\" width=\"1000px\" height=\"1000px\" data-testid=\"fb:video Facebook Social Plugin\" title=\"fb:video Facebook Social Plugin\" frameborder=\"0\" allowtransparency=\"true\" allowfullscreen=\"true\" scrolling=\"no\" allow=\"encrypted-media\" src=\"https:\/\/www.facebook.com\/v17.0\/plugins\/video.php?app_id=&amp;channel=https%3A%2F%2Fstaticxx.facebook.com%2Fx%2Fconnect%2Fxd_arbiter%2F%3Fversion%3D46%23cb%3Df37cb2b3b8ab224%26domain%3Dd-346010733464818049.ampproject.net%26is_canvas%3Dfalse%26origin%3Dhttps%253A%252F%252Fd-346010733464818049.ampproject.net%252Ff13acdb5c0861f%26relation%3Dparent.parent&amp;container_width=972&amp;href=https%3A%2F%2Fwww.facebook.com%2Freel%2F1090887378714116%2F&amp;locale=en_US&amp;sdk=joey\" style=\"border: none; visibility: visible; width: 972px; height: 1729px;\" class=\"\"><\/iframe>\n","protected":false},"excerpt":{"rendered":"<p>Lleg\u00f3 Caratai, un nuevo yaguaret\u00e9 de Paraguay que vivir\u00e1 en el Iber\u00e1. Fue rescatado gracias al apoyo entre Paraguay y Argentina y se sumar\u00e1 al plantel reproductor.&nbsp; &#8220;Su historia podr\u00eda&hellip; <\/p>\n","protected":false},"author":1,"featured_media":119798,"comment_status":"closed","ping_status":"open","sticky":false,"template":"","format":"standard","meta":{"footnotes":""},"categories":[6],"tags":[],"class_list":["post-119797","post","type-post","status-publish","format-standard","has-post-thumbnail","hentry","category-medio-ambiente"],"_links":{"self":[{"href":"https:\/\/corrientesdetarde.com\/index.php\/wp-json\/wp\/v2\/posts\/119797","targetHints":{"allow":["GET"]}}],"collection":[{"href":"https:\/\/corrientesdetarde.com\/index.php\/wp-json\/wp\/v2\/posts"}],"about":[{"href":"https:\/\/corrientesdetarde.com\/index.php\/wp-json\/wp\/v2\/types\/post"}],"author":[{"embeddable":true,"href":"https:\/\/corrientesdetarde.com\/index.php\/wp-json\/wp\/v2\/users\/1"}],"replies":[{"embeddable":true,"href":"https:\/\/corrientesdetarde.com\/index.php\/wp-json\/wp\/v2\/comments?post=119797"}],"version-history":[{"count":1,"href":"https:\/\/corrientesdetarde.com\/index.php\/wp-json\/wp\/v2\/posts\/119797\/revisions"}],"predecessor-version":[{"id":119799,"href":"https:\/\/corrientesdetarde.com\/index.php\/wp-json\/wp\/v2\/posts\/119797\/revisions\/119799"}],"wp:featuredmedia":[{"embeddable":true,"href":"https:\/\/corrientesdetarde.com\/index.php\/wp-json\/wp\/v2\/media\/119798"}],"wp:attachment":[{"href":"https:\/\/corrientesdetarde.com\/index.php\/wp-json\/wp\/v2\/media?parent=119797"}],"wp:term":[{"taxonomy":"category","embeddable":true,"href":"https:\/\/corrientesdetarde.com\/index.php\/wp-json\/wp\/v2\/categories?post=119797"},{"taxonomy":"post_tag","embeddable":true,"href":"https:\/\/corrientesdetarde.com\/index.php\/wp-json\/wp\/v2\/tags?post=119797"}],"curies":[{"name":"wp","href":"https:\/\/api.w.org\/{rel}","templated":true}]}}