{"id":119814,"date":"2024-01-21T08:24:56","date_gmt":"2024-01-21T11:24:56","guid":{"rendered":"https:\/\/corrientesdetarde.com\/?p=119814"},"modified":"2024-01-21T08:25:00","modified_gmt":"2024-01-21T11:25:00","slug":"nikki-haley-descarto-ser-la-candidata-a-vicepresidenta-de-donald-trump","status":"publish","type":"post","link":"https:\/\/corrientesdetarde.com\/index.php\/internacionales\/nikki-haley-descarto-ser-la-candidata-a-vicepresidenta-de-donald-trump\/","title":{"rendered":"Nikki Haley descart\u00f3 ser la candidata a vicepresidenta de Donald Trump"},"content":{"rendered":"\n<p>&#8220;No ir\u00e9 de segunda&#8221;, afirm\u00f3 la dirigente republicana, quien se distanci\u00f3 del magnate.<\/p>\n\n\n\n<p><strong>Nikki Haley&nbsp;<\/strong>se lo dej\u00f3 claro a los votantes de Nuevo Hampshire al decir que&nbsp;<strong>no ser\u00e1 la vicepresidenta del ex mandatario de los Estados Unidos Donald Trump<\/strong>&nbsp;si \u00e9ste gana la nominaci\u00f3n republicana.<\/p>\n\n\n\n<p><strong>Haley, quien compite con Trump por la candidatura presidencial republicana, lleva tiempo diciendo que no ir\u00e1 &#8220;de segunda&#8221;<\/strong>. Pero en una gira por el estado de tendencia independiente esta semana, descart\u00f3 expl\u00edcitamente ser compa\u00f1era de f\u00f3rmula en noviembre, seg\u00fan los medios.<\/p>\n\n\n\n<p><strong>&#8220;No quiero ser la vicepresidenta de nadie. Eso est\u00e1 descartado&#8221;<\/strong>, dijo Haley a los votantes en una parada en un restaurante de Amherst, Nuevo Hampshire, informaron Pol\u00edtico y el Washington Post.<\/p>\n\n\n\n<p>&#8220;Siempre lo he dicho. Es un juego al que ellos juegan y al que yo no voy a jugar. No quiero ser vicepresidenta&#8221;, a\u00f1adi\u00f3 Haley, seg\u00fan el Post.<\/p>\n\n\n\n<p><strong>Haley,&nbsp;<\/strong>quien fue embajadora de Trump ante las Naciones Unidas (ONU), est\u00e1 de gira por Nuevo Hampshire antes de la contienda del martes y&nbsp;<strong>se est\u00e1 distanciando a\u00fan m\u00e1s de Trump<\/strong>&nbsp;en un estado conocido por un republicanismo m\u00e1s moderado.<\/p>\n\n\n\n<p><strong>Sus primarias semiabiertas tambi\u00e9n pueden atraer a los votantes m\u00e1s centristas, que pueden sentirse alejados por los cargos penales de Trump, su lenguaje cada vez m\u00e1s autoritario y sus esfuerzos por revertir su derrota en la reelecci\u00f3n de 2020.<\/strong><\/p>\n\n\n\n<p>Ella debe cerrar la brecha en la segunda contienda primaria de los republicanos para tener alguna posibilidad de frustrar el impulso de Trump despu\u00e9s de su decisiva victoria en el caucus de&nbsp;Iowa el lunes.<\/p>\n\n\n\n<p>Solo el gobernador de Florida,<strong>&nbsp;Ron DeSantis,<\/strong>&nbsp;quien descart\u00f3 en gran medida Nuevo Hampshire para desafiar a Haley en su estado natal de Carolina del Sur, permanece en la contienda a tres bandas por la nominaci\u00f3n para desafiar al dem\u00f3crata&nbsp;<strong>Joe Biden&nbsp;<\/strong>en noviembre.<\/p>\n\n\n\n<p>A principios de este mes,&nbsp;<strong>Trump<\/strong>&nbsp;dijo que ya sabe qui\u00e9n ser\u00e1 su compa\u00f1ero de f\u00f3rmula si gana la nominaci\u00f3n, pero se neg\u00f3 a revelar el nombre del mismo.<\/p>\n","protected":false},"excerpt":{"rendered":"<p>&#8220;No ir\u00e9 de segunda&#8221;, afirm\u00f3 la dirigente republicana, quien se distanci\u00f3 del magnate. Nikki Haley&nbsp;se lo dej\u00f3 claro a los votantes de Nuevo Hampshire al decir que&nbsp;no ser\u00e1 la vicepresidenta&hellip; <\/p>\n","protected":false},"author":4,"featured_media":119815,"comment_status":"closed","ping_status":"open","sticky":false,"template":"","format":"standard","meta":{"footnotes":""},"categories":[11],"tags":[],"class_list":["post-119814","post","type-post","status-publish","format-standard","has-post-thumbnail","hentry","category-internacionales"],"_links":{"self":[{"href":"https:\/\/corrientesdetarde.com\/index.php\/wp-json\/wp\/v2\/posts\/119814","targetHints":{"allow":["GET"]}}],"collection":[{"href":"https:\/\/corrientesdetarde.com\/index.php\/wp-json\/wp\/v2\/posts"}],"about":[{"href":"https:\/\/corrientesdetarde.com\/index.php\/wp-json\/wp\/v2\/types\/post"}],"author":[{"embeddable":true,"href":"https:\/\/corrientesdetarde.com\/index.php\/wp-json\/wp\/v2\/users\/4"}],"replies":[{"embeddable":true,"href":"https:\/\/corrientesdetarde.com\/index.php\/wp-json\/wp\/v2\/comments?post=119814"}],"version-history":[{"count":1,"href":"https:\/\/corrientesdetarde.com\/index.php\/wp-json\/wp\/v2\/posts\/119814\/revisions"}],"predecessor-version":[{"id":119816,"href":"https:\/\/corrientesdetarde.com\/index.php\/wp-json\/wp\/v2\/posts\/119814\/revisions\/119816"}],"wp:featuredmedia":[{"embeddable":true,"href":"https:\/\/corrientesdetarde.com\/index.php\/wp-json\/wp\/v2\/media\/119815"}],"wp:attachment":[{"href":"https:\/\/corrientesdetarde.com\/index.php\/wp-json\/wp\/v2\/media?parent=119814"}],"wp:term":[{"taxonomy":"category","embeddable":true,"href":"https:\/\/corrientesdetarde.com\/index.php\/wp-json\/wp\/v2\/categories?post=119814"},{"taxonomy":"post_tag","embeddable":true,"href":"https:\/\/corrientesdetarde.com\/index.php\/wp-json\/wp\/v2\/tags?post=119814"}],"curies":[{"name":"wp","href":"https:\/\/api.w.org\/{rel}","templated":true}]}}