{"id":119825,"date":"2024-01-21T08:49:29","date_gmt":"2024-01-21T11:49:29","guid":{"rendered":"https:\/\/corrientesdetarde.com\/?p=119825"},"modified":"2024-01-21T08:51:54","modified_gmt":"2024-01-21T11:51:54","slug":"murio-emma-tacta-de-romero-la-correntina","status":"publish","type":"post","link":"https:\/\/corrientesdetarde.com\/index.php\/sociales\/murio-emma-tacta-de-romero-la-correntina\/","title":{"rendered":"Falleci\u00f3 Emma Tacta de Romero, \u00edcono pol\u00edtico y social"},"content":{"rendered":"\n<p>Muri\u00f3 ayer Emma Tacta de Romero, la operadora pol\u00edtica correntina que marc\u00f3 los destinos del peronismo en los \u00faltimos 40 a\u00f1os. Fue incondicional a Juan Domingo Per\u00f3n, a quien reuni\u00f3 con Carlos Menem y con los Rodr\u00edguez Sa\u00e1.<\/p>\n\n\n\n<p>Ten\u00eda 99 a\u00f1os. Fue diputada nacional y ministra de Bienestar Social durante la gesti\u00f3n de su esposo Julio Romero, gobernador de Corrientes. Fue la primera apoderada mujer del PJ.<\/p>\n\n\n\n<p>Naci\u00f3 en San Luis del Palmar. Era abogada. Se hab\u00eda recibido en la Universidad Nacional del Nordeste con el mejor promedio solo para defender a su esposo, &nbsp;perseguido pol\u00edtico.&nbsp;<\/p>\n\n\n\n<p>Sus restos fueron velados en la casa f\u00fanebre situada por calle San Juan.<\/p>\n\n\n\n<p>Padeci\u00f3 problemas de salud en la \u00faltima semana y estuvo internada en el Centro M\u00e9dico (avenida Ferr\u00e9), donde logr\u00f3 superar una neumon\u00eda. Volvi\u00f3 a su hogar, pero tuvo una reca\u00edda.&nbsp;<\/p>\n\n\n\n<p>\u201cEl general Per\u00f3n me pidi\u00f3 que reorganizara el partido en el norte del pa\u00eds, para cuando \u00e9l regresara\u201d, cont\u00f3 Tacta en una entrevista al diario La Naci\u00f3n en 2011.<\/p>\n\n\n\n<p>\u201cYo junt\u00e9 a Per\u00f3n con Menem [Carlos], con Julio Romero y con los Rodr\u00edguez Sa\u00e1\u201d, se jactaba.<\/p>\n\n\n\n<p>Madre de tres hijos, cobij\u00f3 otros tres de su esposo, Julio. Tuvo dos hermanos, Germ\u00e1n y Ra\u00fal, que murieron a los 101 a\u00f1os. Germ\u00e1n fue presidente de la C\u00e1mara de Diputados de Corrientes.<\/p>\n\n\n\n<p>La viuda de Julio Romero no era una desconocida para nadie que sepa en detalle la historia del peronismo.<\/p>\n\n\n\n<p>Fue ministra de la gobernaci\u00f3n de su marido, apoderada nacional del justicialismo durante el exilio de Per\u00f3n en Espa\u00f1a y diputada nacional en los a\u00f1os 80.&nbsp;<\/p>\n\n\n\n<p>Nunca abandon\u00f3 la actividad pol\u00edtica. \u201cYo sigo operando, pero no quiero nada para m\u00ed\u201d, dec\u00eda, parada junto a un busto de Evita, en el escritorio de la casa, un verdadero museo del peronismo, provisto de fotos, objetos y documentos.<\/p>\n\n\n\n<p>Fue clave para que el chamamecero Mario Bofill aceptara ser candidato a senador provincial por el peronismo. \u201cYo me encargu\u00e9 de conseguirle un partido, porque necesitamos gente que haya demostrado buena voluntad en la actividad pol\u00edtica\u201d, explicaba.<\/p>\n\n\n\n<p>Tuvo menos suerte en la \u00faltima gesti\u00f3n que hizo para unir a Eduardo Duhalde y a Alberto Rodr\u00edguez Sa\u00e1. \u201cSin peque\u00f1os renunciamientos, no se llega a nada\u201d, dec\u00eda.<\/p>\n\n\n\n<p>Era habitual verla en la Legislatura provincial cada 1 de marzo, para o\u00edr los mensajes de los distintos gobernadores ante la Asamblea Legislativa.<\/p>\n\n\n\n<p>Su vida<\/p>\n\n\n\n<p>Emma Andrea Tacta de Romero naci\u00f3 en 1924 en la localidad de San Luis del Palmar a 30 km de la capital correntina. Hija de padres autonomistas, quienes eran amigos del gobernador Vidal, contrajo matrimonio con Julio Romero, en 1942. Emma, proven\u00eda de una familia con una elevada posici\u00f3n social y econ\u00f3mica. Esto se consolid\u00f3 por su uni\u00f3n matrimonial con Julio Romero, quien para 1946 se present\u00f3 como diputado por la Uni\u00f3n C\u00edvica Radical Antipersonalista. El traspaso de la pareja a apoyar al peronismo, se dio durante la intervenci\u00f3n del General Velazco, por las relaciones que se entablaron entre ambos.<\/p>\n\n\n\n<p>Emma tuvo una relaci\u00f3n muy cercana con Eva Per\u00f3n. \u201cUna vez est\u00e1bamos con Evita, \u00edbamos de noche porque ella estaba tan enferma que no pod\u00eda dormir. Estaba muy sorprendida, porque yo ya ten\u00eda un nene chiquito, pero me hab\u00eda casado a los 18 a\u00f1os\u2026 una de esas veces, entr\u00f3 el general y nos tuvimos que esconder en un armario para que no nos vea. Se enoj\u00f3 much\u00edsimo cuando nos descubri\u00f3 y nos ech\u00f3, pero despu\u00e9s Eva nos volvi\u00f3 a llamar\u201d, cont\u00f3 en una entrevista con la doctora Mar\u00eda del Mar Sol\u00eds Carnicer el 15 de octubre de 2009.<\/p>\n\n\n\n<p>En el momento de la muerte de Eva, Emma se traslad\u00f3 a Buenos Aires. Y si bien lo hizo en calidad de subdelegada, fue al velorio y cumpli\u00f3 con los rituales que se daban junto a su marido. Con la llamada Revoluci\u00f3n Libertadora, Julio Romero fue detenido por seis meses y Emma se volvi\u00f3 a San Luis del Palmar a vivir junto a su familia.<\/p>\n\n\n\n<figure class=\"wp-block-image\"><img decoding=\"async\" src=\"https:\/\/pxc.cdn.ellitoral.com.ar\/litoral\/012024\/1705808123118\/06%20f2.webp?cw=1024&amp;ch=685&amp;extw=jpg\" alt=\"Muri\u00f3 Emma Tacta de Romero, la correntina amiga fiel de Evita e incondicional de Per\u00f3n\"\/><\/figure>\n","protected":false},"excerpt":{"rendered":"<p>Muri\u00f3 ayer Emma Tacta de Romero, la operadora pol\u00edtica correntina que marc\u00f3 los destinos del peronismo en los \u00faltimos 40 a\u00f1os. Fue incondicional a Juan Domingo Per\u00f3n, a quien reuni\u00f3&hellip; <\/p>\n","protected":false},"author":1,"featured_media":119833,"comment_status":"closed","ping_status":"open","sticky":false,"template":"","format":"standard","meta":{"footnotes":""},"categories":[23,17],"tags":[],"class_list":["post-119825","post","type-post","status-publish","format-standard","has-post-thumbnail","hentry","category-actualidad","category-sociales"],"_links":{"self":[{"href":"https:\/\/corrientesdetarde.com\/index.php\/wp-json\/wp\/v2\/posts\/119825","targetHints":{"allow":["GET"]}}],"collection":[{"href":"https:\/\/corrientesdetarde.com\/index.php\/wp-json\/wp\/v2\/posts"}],"about":[{"href":"https:\/\/corrientesdetarde.com\/index.php\/wp-json\/wp\/v2\/types\/post"}],"author":[{"embeddable":true,"href":"https:\/\/corrientesdetarde.com\/index.php\/wp-json\/wp\/v2\/users\/1"}],"replies":[{"embeddable":true,"href":"https:\/\/corrientesdetarde.com\/index.php\/wp-json\/wp\/v2\/comments?post=119825"}],"version-history":[{"count":3,"href":"https:\/\/corrientesdetarde.com\/index.php\/wp-json\/wp\/v2\/posts\/119825\/revisions"}],"predecessor-version":[{"id":119836,"href":"https:\/\/corrientesdetarde.com\/index.php\/wp-json\/wp\/v2\/posts\/119825\/revisions\/119836"}],"wp:featuredmedia":[{"embeddable":true,"href":"https:\/\/corrientesdetarde.com\/index.php\/wp-json\/wp\/v2\/media\/119833"}],"wp:attachment":[{"href":"https:\/\/corrientesdetarde.com\/index.php\/wp-json\/wp\/v2\/media?parent=119825"}],"wp:term":[{"taxonomy":"category","embeddable":true,"href":"https:\/\/corrientesdetarde.com\/index.php\/wp-json\/wp\/v2\/categories?post=119825"},{"taxonomy":"post_tag","embeddable":true,"href":"https:\/\/corrientesdetarde.com\/index.php\/wp-json\/wp\/v2\/tags?post=119825"}],"curies":[{"name":"wp","href":"https:\/\/api.w.org\/{rel}","templated":true}]}}