{"id":119830,"date":"2024-01-21T08:53:54","date_gmt":"2024-01-21T11:53:54","guid":{"rendered":"https:\/\/corrientesdetarde.com\/?p=119830"},"modified":"2024-01-21T08:53:55","modified_gmt":"2024-01-21T11:53:55","slug":"que-pasara-con-el-precio-de-la-carne-en-medio-de-una-feroz-caida-del-consumo","status":"publish","type":"post","link":"https:\/\/corrientesdetarde.com\/index.php\/economia\/que-pasara-con-el-precio-de-la-carne-en-medio-de-una-feroz-caida-del-consumo\/","title":{"rendered":"\u00bfQu\u00e9 pasar\u00e1 con el precio de la carne en medio de una feroz ca\u00edda del consumo?"},"content":{"rendered":"\n<p>Algunos cortes menos demandados registraron descensos esta semana en las carnicer\u00edas. Pero la cotizaci\u00f3n de la hacienda subi\u00f3 este viernes en el Mercado de Ca\u00f1uelas.<\/p>\n\n\n\n<p>A pesar de la&nbsp;<strong>fuerte ca\u00edda en el consumo en carnicer\u00edas y supermercados<\/strong>&nbsp;de los barrios de menor poder adquisitivo, el precio de la hacienda retom\u00f3 en la semana la senda alcista en el&nbsp;<strong>Mercado Agroganadero de Ca\u00f1uelas<\/strong>, con menos entrada de animales.<\/p>\n\n\n\n<p>En la zona del \u00c1rea Metropolitana de Buenos Aires (AMBA), los precios se resisten a bajar en barrios acomodados como&nbsp;<strong>Recoleta, Puerto Madero, Belgrano, Palermo, Pilar y Nordelta<\/strong>, entre otros, mientras que en carnicer\u00edas y supermercados de la zona sur y el conurbano &#8211;<strong>Villa Lugano, Villa Soldati, Liniers, Floresta, La Matanza, Avellaneda, Lomas de Zamora y otros<\/strong>&#8211; se notan algunas rebajas en los comercios.<\/p>\n\n\n\n<h4 class=\"wp-block-heading\">\u00bf<strong><u>Cu\u00e1nto cay\u00f3 el consumo de carne en enero<\/u><\/strong>?<\/h4>\n\n\n\n<p>En&nbsp;<strong>la primera semana del a\u00f1o hubo un retroceso del 19% en el volumen de ventas en las grandes cadenas de supermercados,<\/strong>&nbsp;respecto de la primera semana de enero del a\u00f1o pasado.<\/p>\n\n\n\n<p>Seg\u00fan analistas,&nbsp;<strong>la actividad econ\u00f3mica se est\u00e1 paralizando, producto de la aceleraci\u00f3n de los precios<\/strong>. Se nota en algunos rubros en particular: desde las ventas de combustibles hasta las de materiales para la construcci\u00f3n.<\/p>\n\n\n\n<p><strong>Osvaldo Del R\u00edo<\/strong>, director de la consultora Scentia, proyecta que este a\u00f1o podr\u00eda mostrar una retracci\u00f3n de las ventas de consumo masivo del 7%.<\/p>\n\n\n\n<h4 class=\"wp-block-heading\"><strong><u>Mercado de Ca\u00f1uelas.<\/u><\/strong><\/h4>\n\n\n\n<p>El&nbsp;<strong>\u00cdndice General del mercado de Ca\u00f1uelas<\/strong>&nbsp;subi\u00f3 8,51% el viernes respecto del mi\u00e9rcoles -los d\u00edas fuertes de operaciones son lunes, mi\u00e9rcoles y viernes-, al pasar de 1.250,2 a 1.356,6 pesos por kilo. En la semana, este indicador clave trep\u00f3 11,46%, frente a los $1.217,2 del viernes 12 de enero.<\/p>\n\n\n\n<p>Igual, esa suba por ahora tampoco encuentra margen para trasladarse a las carnicer\u00edas, en medio de la feroz ca\u00edda del consumo provocada por la sostenida inflaci\u00f3n y el impacto sobre los bolsillos de la clase media.<\/p>\n\n\n\n<p>Durante la semana,&nbsp;<strong>se comercializaron 24.458 vacunos en Ca\u00f1uelas<\/strong>, un 17,1% menos que en el segmento comercial anterior.<\/p>\n\n\n\n<p>Fue otra jornada con baja oferta:&nbsp;<strong>de 204 camiones fueron descargados 7.859 vacunos, que completaron una entrada de 24.458 animales desde el martes, un 17,1% menos que la de igual segmento comercial anterior, de 29.502 cabezas.&nbsp;<\/strong><\/p>\n\n\n\n<p>Desde el inicio de los remates, los compradores que abastecen el consumo minorista del AMBA y los representantes de los frigor\u00edficos operaron con inter\u00e9s sostenido para cubrir sus necesidades, lo que deriv\u00f3 en valores superiores a los vigentes en las jornadas precedentes.<\/p>\n\n\n\n<figure class=\"wp-block-image size-full\"><img loading=\"lazy\" decoding=\"async\" width=\"779\" height=\"470\" src=\"https:\/\/corrientesdetarde.com\/wp-content\/uploads\/2024\/01\/image-190.png\" alt=\"\" class=\"wp-image-119837\" srcset=\"https:\/\/corrientesdetarde.com\/wp-content\/uploads\/2024\/01\/image-190.png 779w, https:\/\/corrientesdetarde.com\/wp-content\/uploads\/2024\/01\/image-190-300x181.png 300w, https:\/\/corrientesdetarde.com\/wp-content\/uploads\/2024\/01\/image-190-768x463.png 768w\" sizes=\"auto, (max-width: 779px) 100vw, 779px\" \/><\/figure>\n\n\n\n<p>El consumo de carne baja fuerte pero los precios se resisten a ceder en algunos barrios m\u00e1s acomodados. Foto: NA<\/p>\n\n\n\n<h4 class=\"wp-block-heading\">\u00bf<strong><u>Qu\u00e9 pasa en las carnicer\u00edas<\/u><\/strong>?<\/h4>\n\n\n\n<p>En la<strong>&nbsp;zona sur de la Ciudad de Buenos Aires&nbsp;<\/strong>el precio de la carne baj\u00f3 y ahora cuesta entre&nbsp;<strong>$2.760 y $8.990 el kilo, con variaciones que dependen del corte que uno elija comprar<\/strong>&nbsp;y, en buena medida, el barrio donde se realice la compra.&nbsp;<\/p>\n\n\n\n<p>En el distrito porte\u00f1o, el precio de la carne es mayor en zonas como Recoleta, Belgrano y Palermo. Lo mismo ocurre con las frutas y verduras.<\/p>\n\n\n\n<p><strong>Carlos Ernesto Pr\u00edncipe<\/strong>, due\u00f1o de carnicer\u00edas en&nbsp;<strong>Mercado del Progreso de Caballito<\/strong>&nbsp;-el barrio que mejor representa el consumo de los sectores medios seg\u00fan los especialistas-, aclar\u00f3 que por ahora &#8220;baj\u00f3 el precio de la carne de segunda&#8221;.&nbsp;<\/p>\n\n\n\n<p>En cambio, Pr\u00edncipe explic\u00f3 que &#8220;la carne doble A, la buena, no baja&#8221;.<\/p>\n\n\n\n<figure class=\"wp-block-image size-full\"><img loading=\"lazy\" decoding=\"async\" width=\"782\" height=\"472\" src=\"https:\/\/corrientesdetarde.com\/wp-content\/uploads\/2024\/01\/image-191.png\" alt=\"\" class=\"wp-image-119838\" srcset=\"https:\/\/corrientesdetarde.com\/wp-content\/uploads\/2024\/01\/image-191.png 782w, https:\/\/corrientesdetarde.com\/wp-content\/uploads\/2024\/01\/image-191-300x181.png 300w, https:\/\/corrientesdetarde.com\/wp-content\/uploads\/2024\/01\/image-191-768x464.png 768w\" sizes=\"auto, (max-width: 782px) 100vw, 782px\" \/><\/figure>\n\n\n\n<p>Adem\u00e1s, advirti\u00f3 que el consumo baj\u00f3 un 25%, porque &#8220;antes se compraba para guardar en el freezer, ahora compran para el consumo diario&#8221;.<\/p>\n\n\n\n<p>As\u00ed,<strong>&nbsp;la ca\u00edda del consumo de carne y el freno a las remarcaciones, por ahora puede representar un buen aliado para el Gobierno.&nbsp;<\/strong><\/p>\n\n\n\n<p>Es que la carne tiene un peso de casi el 10% en el \u00edndice de precios elaborado por el INDEC.<\/p>\n\n\n\n<p>En ese marco, la baja del consumo puede terminar impactando sobre la inflaci\u00f3n de enero y evitar que se dispare por encima del 25 por ciento.<\/p>\n\n\n\n<p>Seg\u00fan la&nbsp;<strong>consultora LCG<\/strong>, la&nbsp;<strong>inflaci\u00f3n de los alimentos en la tercera semana del mes se ubic\u00f3 en el 2,1%<\/strong>, por debajo de las dos semanas anteriores.<\/p>\n\n\n\n<p><strong>El rubro que menos se movi\u00f3, con la \u00fanica excepci\u00f3n de las frutas, precisamente fue el de la carne, con el 0%.&nbsp;<\/strong><\/p>\n\n\n\n<p>Es la segunda semana consecutiva que la carne se mantiene sin cambios. A ese paso, cerrar\u00e1 enero en niveles de suba bajos, y\u00a0<strong>ayudar\u00e1 a compensar en parte lo tarifazos y las subas en las prepagas<\/strong>. \u00bfLa inflaci\u00f3n de enero podr\u00e1 bajar del 20\/25% previsto por los especialistas?<\/p>\n","protected":false},"excerpt":{"rendered":"<p>Algunos cortes menos demandados registraron descensos esta semana en las carnicer\u00edas. Pero la cotizaci\u00f3n de la hacienda subi\u00f3 este viernes en el Mercado de Ca\u00f1uelas. A pesar de la&nbsp;fuerte ca\u00edda&hellip; <\/p>\n","protected":false},"author":4,"featured_media":119839,"comment_status":"closed","ping_status":"open","sticky":false,"template":"","format":"standard","meta":{"footnotes":""},"categories":[20],"tags":[],"class_list":["post-119830","post","type-post","status-publish","format-standard","has-post-thumbnail","hentry","category-economia"],"_links":{"self":[{"href":"https:\/\/corrientesdetarde.com\/index.php\/wp-json\/wp\/v2\/posts\/119830","targetHints":{"allow":["GET"]}}],"collection":[{"href":"https:\/\/corrientesdetarde.com\/index.php\/wp-json\/wp\/v2\/posts"}],"about":[{"href":"https:\/\/corrientesdetarde.com\/index.php\/wp-json\/wp\/v2\/types\/post"}],"author":[{"embeddable":true,"href":"https:\/\/corrientesdetarde.com\/index.php\/wp-json\/wp\/v2\/users\/4"}],"replies":[{"embeddable":true,"href":"https:\/\/corrientesdetarde.com\/index.php\/wp-json\/wp\/v2\/comments?post=119830"}],"version-history":[{"count":1,"href":"https:\/\/corrientesdetarde.com\/index.php\/wp-json\/wp\/v2\/posts\/119830\/revisions"}],"predecessor-version":[{"id":119840,"href":"https:\/\/corrientesdetarde.com\/index.php\/wp-json\/wp\/v2\/posts\/119830\/revisions\/119840"}],"wp:featuredmedia":[{"embeddable":true,"href":"https:\/\/corrientesdetarde.com\/index.php\/wp-json\/wp\/v2\/media\/119839"}],"wp:attachment":[{"href":"https:\/\/corrientesdetarde.com\/index.php\/wp-json\/wp\/v2\/media?parent=119830"}],"wp:term":[{"taxonomy":"category","embeddable":true,"href":"https:\/\/corrientesdetarde.com\/index.php\/wp-json\/wp\/v2\/categories?post=119830"},{"taxonomy":"post_tag","embeddable":true,"href":"https:\/\/corrientesdetarde.com\/index.php\/wp-json\/wp\/v2\/tags?post=119830"}],"curies":[{"name":"wp","href":"https:\/\/api.w.org\/{rel}","templated":true}]}}