{"id":119946,"date":"2024-01-22T08:56:05","date_gmt":"2024-01-22T11:56:05","guid":{"rendered":"https:\/\/corrientesdetarde.com\/?p=119946"},"modified":"2024-01-22T08:56:17","modified_gmt":"2024-01-22T11:56:17","slug":"esquina-mantendra-el-turismo-pese-a-la-polemica-por-la-fiesta-del-pacu","status":"publish","type":"post","link":"https:\/\/corrientesdetarde.com\/index.php\/eventos\/esquina-mantendra-el-turismo-pese-a-la-polemica-por-la-fiesta-del-pacu\/","title":{"rendered":"Esquina mantendr\u00e1 el turismo pese a la pol\u00e9mica por la Fiesta del Pac\u00fa"},"content":{"rendered":"\n<p>Desde el Municipio de Esquina prev\u00e9n que la cancelaci\u00f3n del evento pesquero no generar\u00e1 graves p\u00e9rdidas al sector tur\u00edstico. Adem\u00e1s, anticipan que el pr\u00f3ximo fin de semana largo ser\u00e1 con plazas hoteleras ocupadas al 100%.<\/p>\n\n\n\n<p>El intendente Hugo Ben\u00edtez aclar\u00f3, en una entrevista con diario \u00e9poca, que desde hace cuatro a\u00f1os la fiesta estaba siendo organizada por El Club N\u00e1utico y de Pesca Brown de Esquina y barras pesqueras de la zona sin injerencia directa del Municipio. &#8220;Principalmente hubo una falta de acuerdo entre los organizadores y a esto se le suman dificultades econ\u00f3micas&#8221;, revel\u00f3.<\/p>\n\n\n\n<p>El evento estaba programado para el 9, 10 y 11 de febrero, y se deb\u00eda pagar un total de $90.000 por equipo. Los organizadores emitieron un comunicado este s\u00e1bado en el que anunciaron la suspensi\u00f3n y que todo el dinero ser\u00eda devuelto, aunque todav\u00eda no especificaron los medios por los cuales lo har\u00e1n.<\/p>\n\n\n\n<p>La publicaci\u00f3n fue acompa\u00f1ada por cr\u00edticas, sobre todo de aquellos pescadores que no solo invirtieron en las inscripciones, sino que tambi\u00e9n en alojamiento. El comentario m\u00e1s repetido fue el interrogante por la falta de inversi\u00f3n de las ganancias de ediciones pasadas para mantener a flote el evento.<\/p>\n\n\n\n<p>Ben\u00edtez, por su parte, asegur\u00f3 que existen todas las intenciones de que el pr\u00f3ximo a\u00f1o la fiesta se lleve a cabo, ya que planean volver a conformar la Comisi\u00f3n Esquinense de Pesca (COESPE), un \u00f3rgano deliberativo en el que nuevamente tendr\u00eda intervenci\u00f3n la Comuna. &#8220;Desde el Municipio no pudimos ayudar esta vez porque tenemos problemas m\u00e1s graves como los evacuados debido a las abundantes lluvias&#8221;, sostuvo. Y en este sentido se\u00f1al\u00f3 que el paraje Malvinas est\u00e1 siendo uno de los m\u00e1s afectados.<\/p>\n\n\n\n<p>El Jefe comunal adelant\u00f3 que las reservas hoteleras para el pr\u00f3ximo fin de semana de carnaval (10 al 14 de febrero) se encuentran casi completas. A su vez record\u00f3 que ayer comenz\u00f3 el carnaval en su edici\u00f3n 2024 que se mantendr\u00e1 hasta la primera quincena de febrero. &#8220;La Fiesta del Pac\u00fa esta destinada a un p\u00fablico exclusivo y con mayor poder adquisitivo&#8221;, finaliz\u00f3.<\/p>\n","protected":false},"excerpt":{"rendered":"<p>Desde el Municipio de Esquina prev\u00e9n que la cancelaci\u00f3n del evento pesquero no generar\u00e1 graves p\u00e9rdidas al sector tur\u00edstico. Adem\u00e1s, anticipan que el pr\u00f3ximo fin de semana largo ser\u00e1 con&hellip; <\/p>\n","protected":false},"author":1,"featured_media":119956,"comment_status":"closed","ping_status":"open","sticky":false,"template":"","format":"standard","meta":{"footnotes":""},"categories":[22],"tags":[],"class_list":["post-119946","post","type-post","status-publish","format-standard","has-post-thumbnail","hentry","category-eventos"],"_links":{"self":[{"href":"https:\/\/corrientesdetarde.com\/index.php\/wp-json\/wp\/v2\/posts\/119946","targetHints":{"allow":["GET"]}}],"collection":[{"href":"https:\/\/corrientesdetarde.com\/index.php\/wp-json\/wp\/v2\/posts"}],"about":[{"href":"https:\/\/corrientesdetarde.com\/index.php\/wp-json\/wp\/v2\/types\/post"}],"author":[{"embeddable":true,"href":"https:\/\/corrientesdetarde.com\/index.php\/wp-json\/wp\/v2\/users\/1"}],"replies":[{"embeddable":true,"href":"https:\/\/corrientesdetarde.com\/index.php\/wp-json\/wp\/v2\/comments?post=119946"}],"version-history":[{"count":1,"href":"https:\/\/corrientesdetarde.com\/index.php\/wp-json\/wp\/v2\/posts\/119946\/revisions"}],"predecessor-version":[{"id":119957,"href":"https:\/\/corrientesdetarde.com\/index.php\/wp-json\/wp\/v2\/posts\/119946\/revisions\/119957"}],"wp:featuredmedia":[{"embeddable":true,"href":"https:\/\/corrientesdetarde.com\/index.php\/wp-json\/wp\/v2\/media\/119956"}],"wp:attachment":[{"href":"https:\/\/corrientesdetarde.com\/index.php\/wp-json\/wp\/v2\/media?parent=119946"}],"wp:term":[{"taxonomy":"category","embeddable":true,"href":"https:\/\/corrientesdetarde.com\/index.php\/wp-json\/wp\/v2\/categories?post=119946"},{"taxonomy":"post_tag","embeddable":true,"href":"https:\/\/corrientesdetarde.com\/index.php\/wp-json\/wp\/v2\/tags?post=119946"}],"curies":[{"name":"wp","href":"https:\/\/api.w.org\/{rel}","templated":true}]}}