{"id":119948,"date":"2024-01-22T08:48:13","date_gmt":"2024-01-22T11:48:13","guid":{"rendered":"https:\/\/corrientesdetarde.com\/?p=119948"},"modified":"2024-01-22T09:05:27","modified_gmt":"2024-01-22T12:05:27","slug":"el-sector-hotelero-con-grandes-beneficios-por-la-fiesta-del-chamame","status":"publish","type":"post","link":"https:\/\/corrientesdetarde.com\/index.php\/locales\/el-sector-hotelero-con-grandes-beneficios-por-la-fiesta-del-chamame\/","title":{"rendered":"el sector hotelero con grandes beneficios por la fiesta del chamam\u00e9"},"content":{"rendered":"\n<p>La trig\u00e9sima tercera edici\u00f3n de la Fiesta Nacional del Chamam\u00e9 lleg\u00f3 a su fin. Detr\u00e1s de este evento musical hay algunos aspectos econ\u00f3micos que beneficiaron a la ciudad de Corrientes.<\/p>\n\n\n\n<p>En la regi\u00f3n del NEA, la ciudad de Corrientes y distintos municipios con ofertas de playa son requeridos por turistas en el mes de enero.<\/p>\n\n\n\n<p>En lo que va de este 2024, eventos religiosos, culturales y los atractivos naturales hacen de Corrientes uno de los puntos del NEA con mayor caudal de turistas.<\/p>\n\n\n\n<p>Para repasar, como cada 8 de enero y d\u00edas previos, los devotos del Gauchito Gil se acercan al santuario que se encuentran a la vera de la Ruta Nacional N\u00b0123.<\/p>\n\n\n\n<p>Personas de distintas provincias y de otros pa\u00edses llegan a Mercedes para agradecer y pedir. La cantidad de gente que convoca el Gauchito hace que el sector hotelero de esa ciudad y de localidades cercanas se beneficie. Inclusive, muchos se alojan en hoteles de la capital provincial por la alta demanda.<\/p>\n\n\n\n<p>Esta convocatoria masiva se vio empa\u00f1ada este a\u00f1o por las intensas lluvias que dej\u00f3 a varias localidades inundadas.<\/p>\n\n\n\n<p>Adem\u00e1s de la cantidad de gente que se sum\u00f3 a la celebraci\u00f3n del famoso gaucho, se suma la Fiesta Nacional del Chamam\u00e9.<\/p>\n\n\n\n<p>Este a\u00f1o, los hoteles de la ciudad de Corrientes presentaron un lleno total los d\u00edas viernes y s\u00e1bado, y durante la semana de la fiesta, alrededor del 75 por ciento.<\/p>\n\n\n\n<p>A la ocupaci\u00f3n hotelera hay que sumarle el beneficio econ\u00f3mico en el aspecto gastron\u00f3mico. Muchas de las personas que asisten a la fiesta comen en bares o bien realizan compras en kioscos o supermercados.<\/p>\n\n\n\n<p>En la tarde de ayer, se realizaron consultas con representantes de hoteles de la ciudad.<\/p>\n\n\n\n<p>La mayor\u00eda inform\u00f3 que este viernes y s\u00e1bado la capacidad hotelera fue del 100 por ciento.<\/p>\n\n\n\n<p>&#8220;Por suerte tuvimos un buen comienzo de a\u00f1o. En relaci\u00f3n a la Fiesta Nacional del Chamam\u00e9, recibimos delegaciones de Paraguay, Brasil y ahora se sumaron muchos uruguayos tambi\u00e9n&#8221;, dijo a este medio el representante de un hotel de la calle San Juan de esta capital.<\/p>\n\n\n\n<p>El hombre coment\u00f3 que los fines de semana, sobre todo viernes y s\u00e1bado, son los d\u00edas que mayor porcentaje de cobertura tienen en sus habitaciones.<\/p>\n\n\n\n<p>Por otra parte, la recepcionista de un hotel de la calle Yrigoyen coment\u00f3 que adem\u00e1s de brasile\u00f1os y paraguayos, recibieron a turistas de distintos puntos del pa\u00eds, destac\u00e1ndose los de Formosa, Santa Fe y de la provincia de Buenos Aires y Capital Federal.<\/p>\n\n\n\n<p>En este caso, coment\u00f3 que una habitaci\u00f3n para dos personas cuesta 25.000 pesos, mientras que una simple est\u00e1 18 mil pesos, aproximadamente.<\/p>\n","protected":false},"excerpt":{"rendered":"<p>La trig\u00e9sima tercera edici\u00f3n de la Fiesta Nacional del Chamam\u00e9 lleg\u00f3 a su fin. Detr\u00e1s de este evento musical hay algunos aspectos econ\u00f3micos que beneficiaron a la ciudad de Corrientes.&hellip; <\/p>\n","protected":false},"author":1,"featured_media":119952,"comment_status":"closed","ping_status":"open","sticky":false,"template":"","format":"standard","meta":{"footnotes":""},"categories":[20,8],"tags":[],"class_list":["post-119948","post","type-post","status-publish","format-standard","has-post-thumbnail","hentry","category-economia","category-locales"],"_links":{"self":[{"href":"https:\/\/corrientesdetarde.com\/index.php\/wp-json\/wp\/v2\/posts\/119948","targetHints":{"allow":["GET"]}}],"collection":[{"href":"https:\/\/corrientesdetarde.com\/index.php\/wp-json\/wp\/v2\/posts"}],"about":[{"href":"https:\/\/corrientesdetarde.com\/index.php\/wp-json\/wp\/v2\/types\/post"}],"author":[{"embeddable":true,"href":"https:\/\/corrientesdetarde.com\/index.php\/wp-json\/wp\/v2\/users\/1"}],"replies":[{"embeddable":true,"href":"https:\/\/corrientesdetarde.com\/index.php\/wp-json\/wp\/v2\/comments?post=119948"}],"version-history":[{"count":1,"href":"https:\/\/corrientesdetarde.com\/index.php\/wp-json\/wp\/v2\/posts\/119948\/revisions"}],"predecessor-version":[{"id":119953,"href":"https:\/\/corrientesdetarde.com\/index.php\/wp-json\/wp\/v2\/posts\/119948\/revisions\/119953"}],"wp:featuredmedia":[{"embeddable":true,"href":"https:\/\/corrientesdetarde.com\/index.php\/wp-json\/wp\/v2\/media\/119952"}],"wp:attachment":[{"href":"https:\/\/corrientesdetarde.com\/index.php\/wp-json\/wp\/v2\/media?parent=119948"}],"wp:term":[{"taxonomy":"category","embeddable":true,"href":"https:\/\/corrientesdetarde.com\/index.php\/wp-json\/wp\/v2\/categories?post=119948"},{"taxonomy":"post_tag","embeddable":true,"href":"https:\/\/corrientesdetarde.com\/index.php\/wp-json\/wp\/v2\/tags?post=119948"}],"curies":[{"name":"wp","href":"https:\/\/api.w.org\/{rel}","templated":true}]}}