{"id":119949,"date":"2024-01-22T08:46:55","date_gmt":"2024-01-22T11:46:55","guid":{"rendered":"https:\/\/corrientesdetarde.com\/?p=119949"},"modified":"2024-01-22T08:47:07","modified_gmt":"2024-01-22T11:47:07","slug":"el-gobierno-oficializo-la-prorroga-de-sesiones-extraordinarias-para-debatir-la-ley-bases","status":"publish","type":"post","link":"https:\/\/corrientesdetarde.com\/index.php\/politica\/el-gobierno-oficializo-la-prorroga-de-sesiones-extraordinarias-para-debatir-la-ley-bases\/","title":{"rendered":"El Gobierno oficializ\u00f3 la pr\u00f3rroga de sesiones extraordinarias para debatir la ley &#8220;Bases&#8221;"},"content":{"rendered":"\n<p>El Gobierno oficializ\u00f3 este lunes a pr\u00f3rroga de sesiones extraordinarias hasta el 15 de febrero, para permitir el debate en el Congreso de la ley &#8220;Bases y Puntos de Partida para La Libertad de los Argentinos&#8221;.<\/p>\n\n\n\n<p>A trav\u00e9s del decreto 57\/2024, publicado en el Bolet\u00edn Oficial, el Poder Ejecutivo dispuso la pr\u00f3rroga de las sesiones extraordinarias del Congreso, que hab\u00edan sido convocadas por el decreto 76 del 22 de diciembre de 2023 y culminaban el pr\u00f3ximo 31 de enero.<\/p>\n\n\n\n<p>En el decreto, que lleva la firma del presidente Javier Milei y del jefe de Gabinete, Nicol\u00e1s Posse, tambi\u00e9n se establece que en el temario a tratar en sesiones extraordinarias se incluya la &#8220;autorizaci\u00f3n de la entrada de tropas extranjeras al territorio nacional para participar en el ejercicio &#8220;Adiestramiento Combinado para la Defensa de los Recursos Pesqueros Argentinos&#8221;&#8221;, que se llevar\u00e1 a cabo entre la Prefectura Naval y el guardacostas USCG James de la Guardia Costera de Estados Unidos &#8220;durante el mes de abril de 2024&#8221;, entre otros puntos.<\/p>\n","protected":false},"excerpt":{"rendered":"<p>El Gobierno oficializ\u00f3 este lunes a pr\u00f3rroga de sesiones extraordinarias hasta el 15 de febrero, para permitir el debate en el Congreso de la ley &#8220;Bases y Puntos de Partida&hellip; <\/p>\n","protected":false},"author":1,"featured_media":119950,"comment_status":"closed","ping_status":"open","sticky":false,"template":"","format":"standard","meta":{"footnotes":""},"categories":[3],"tags":[],"class_list":["post-119949","post","type-post","status-publish","format-standard","has-post-thumbnail","hentry","category-politica"],"_links":{"self":[{"href":"https:\/\/corrientesdetarde.com\/index.php\/wp-json\/wp\/v2\/posts\/119949","targetHints":{"allow":["GET"]}}],"collection":[{"href":"https:\/\/corrientesdetarde.com\/index.php\/wp-json\/wp\/v2\/posts"}],"about":[{"href":"https:\/\/corrientesdetarde.com\/index.php\/wp-json\/wp\/v2\/types\/post"}],"author":[{"embeddable":true,"href":"https:\/\/corrientesdetarde.com\/index.php\/wp-json\/wp\/v2\/users\/1"}],"replies":[{"embeddable":true,"href":"https:\/\/corrientesdetarde.com\/index.php\/wp-json\/wp\/v2\/comments?post=119949"}],"version-history":[{"count":1,"href":"https:\/\/corrientesdetarde.com\/index.php\/wp-json\/wp\/v2\/posts\/119949\/revisions"}],"predecessor-version":[{"id":119951,"href":"https:\/\/corrientesdetarde.com\/index.php\/wp-json\/wp\/v2\/posts\/119949\/revisions\/119951"}],"wp:featuredmedia":[{"embeddable":true,"href":"https:\/\/corrientesdetarde.com\/index.php\/wp-json\/wp\/v2\/media\/119950"}],"wp:attachment":[{"href":"https:\/\/corrientesdetarde.com\/index.php\/wp-json\/wp\/v2\/media?parent=119949"}],"wp:term":[{"taxonomy":"category","embeddable":true,"href":"https:\/\/corrientesdetarde.com\/index.php\/wp-json\/wp\/v2\/categories?post=119949"},{"taxonomy":"post_tag","embeddable":true,"href":"https:\/\/corrientesdetarde.com\/index.php\/wp-json\/wp\/v2\/tags?post=119949"}],"curies":[{"name":"wp","href":"https:\/\/api.w.org\/{rel}","templated":true}]}}