{"id":120063,"date":"2024-01-22T17:01:14","date_gmt":"2024-01-22T20:01:14","guid":{"rendered":"https:\/\/corrientesdetarde.com\/?p=120063"},"modified":"2024-01-22T17:01:16","modified_gmt":"2024-01-22T20:01:16","slug":"la-federacion-economica-de-corrientes-no-adhiere-al-paro-nacional","status":"publish","type":"post","link":"https:\/\/corrientesdetarde.com\/index.php\/economia\/la-federacion-economica-de-corrientes-no-adhiere-al-paro-nacional\/","title":{"rendered":"La Federaci\u00f3n Econ\u00f3mica de Corrientes no adhiere al paro nacional"},"content":{"rendered":"\n<p>A trav\u00e9s de sus redes sociales informaron que no ser\u00e1n parte de esta medida ya que &#8220;percibimos que el paro anunciado para el pr\u00f3ximo 24 de enero no contribuye a la b\u00fasqueda de consensos y acuerdos necesarios para superar la crisis&#8221;.<\/p>\n\n\n\n<p>Se prev\u00e9 un paro general para el 24 de enero en consonancia con los reclamos y disgustos respecto a las politicas p\u00fablicas que impone el Gobierno Nacional. Convocado por la CGT, tendr\u00e1 una duraci\u00f3n de 12 horas, entre el mediod\u00eda y la medianoche del pr\u00f3ximo mi\u00e9rcoles.&nbsp; Ante ello, la Federaci\u00f3n Econ\u00f3mica de Corrientes inform\u00f3 a trav\u00e9s de sus redes sociales que no se sumar\u00e1 a esta medida.&nbsp;<\/p>\n\n\n\n<h3 class=\"wp-block-heading\">Comunicado completo:&nbsp;<\/h3>\n\n\n\n<p><em>*A los trabajadores de la Rep\u00fablica Argentina:*<\/em><\/p>\n\n\n\n<p><em>La Federaci\u00f3n Econ\u00f3mica de Corrientes, se dirige a ustedes en este momento crucial para el futuro de nuestra naci\u00f3n.<\/em><\/p>\n\n\n\n<p><em>La compleja situaci\u00f3n econ\u00f3mica y social que enfrenta Argentina demanda un esfuerzo conjunto de todos los sectores para hallar soluciones. En este contexto, percibimos que el paro anunciado para el pr\u00f3ximo *24 de enero* no contribuye a la b\u00fasqueda de consensos y acuerdos necesarios para superar la crisis.<\/em><\/p>\n\n\n\n<p><em>Creemos firmemente que el di\u00e1logo es la v\u00eda \u00fanica para avanzar en la construcci\u00f3n de un futuro mejor para todos los argentinos, estando vigente los convenios colectivos de trabajo. Por ello, hacemos un llamado a la reflexi\u00f3n dirigido a los trabajadores de todo el pa\u00eds para que reconsideren su decisi\u00f3n de participar de esta medida.<\/em><\/p>\n\n\n\n<p><em>La unidad nacional y la reconciliaci\u00f3n son metas que todos los argentinos debemos perseguir. Es imperativo dejar de lado las diferencias y colaborar de manera conjunta en pos del bien com\u00fan.<\/em><\/p>\n\n\n\n<p><em>El Congreso de la Naci\u00f3n es el espacio para abordar los problemas que enfrenta nuestra patria.<\/em><\/p>\n\n\n\n<p><em>Estamos convencidos de que, trabajando en conjunto, podemos edificar un futuro m\u00e1s promisorio para todos los argentinos.<\/em><br><em>El 24 de enero por el bien de nuestra patria a Trabajar<\/em><br>Federaci\u00f3n Econ\u00f3mica de Corrientes<\/p>\n","protected":false},"excerpt":{"rendered":"<p>A trav\u00e9s de sus redes sociales informaron que no ser\u00e1n parte de esta medida ya que &#8220;percibimos que el paro anunciado para el pr\u00f3ximo 24 de enero no contribuye a&hellip; <\/p>\n","protected":false},"author":3,"featured_media":120066,"comment_status":"closed","ping_status":"open","sticky":false,"template":"","format":"standard","meta":{"footnotes":""},"categories":[20],"tags":[],"class_list":["post-120063","post","type-post","status-publish","format-standard","has-post-thumbnail","hentry","category-economia"],"_links":{"self":[{"href":"https:\/\/corrientesdetarde.com\/index.php\/wp-json\/wp\/v2\/posts\/120063","targetHints":{"allow":["GET"]}}],"collection":[{"href":"https:\/\/corrientesdetarde.com\/index.php\/wp-json\/wp\/v2\/posts"}],"about":[{"href":"https:\/\/corrientesdetarde.com\/index.php\/wp-json\/wp\/v2\/types\/post"}],"author":[{"embeddable":true,"href":"https:\/\/corrientesdetarde.com\/index.php\/wp-json\/wp\/v2\/users\/3"}],"replies":[{"embeddable":true,"href":"https:\/\/corrientesdetarde.com\/index.php\/wp-json\/wp\/v2\/comments?post=120063"}],"version-history":[{"count":1,"href":"https:\/\/corrientesdetarde.com\/index.php\/wp-json\/wp\/v2\/posts\/120063\/revisions"}],"predecessor-version":[{"id":120083,"href":"https:\/\/corrientesdetarde.com\/index.php\/wp-json\/wp\/v2\/posts\/120063\/revisions\/120083"}],"wp:featuredmedia":[{"embeddable":true,"href":"https:\/\/corrientesdetarde.com\/index.php\/wp-json\/wp\/v2\/media\/120066"}],"wp:attachment":[{"href":"https:\/\/corrientesdetarde.com\/index.php\/wp-json\/wp\/v2\/media?parent=120063"}],"wp:term":[{"taxonomy":"category","embeddable":true,"href":"https:\/\/corrientesdetarde.com\/index.php\/wp-json\/wp\/v2\/categories?post=120063"},{"taxonomy":"post_tag","embeddable":true,"href":"https:\/\/corrientesdetarde.com\/index.php\/wp-json\/wp\/v2\/tags?post=120063"}],"curies":[{"name":"wp","href":"https:\/\/api.w.org\/{rel}","templated":true}]}}