{"id":120064,"date":"2024-01-22T17:01:17","date_gmt":"2024-01-22T20:01:17","guid":{"rendered":"https:\/\/corrientesdetarde.com\/?p=120064"},"modified":"2024-01-22T17:01:18","modified_gmt":"2024-01-22T20:01:18","slug":"cerca-de-100-mil-personas-disfrutaron-de-las-diez-noches-de-la-fiesta-nacional-del-chamame","status":"publish","type":"post","link":"https:\/\/corrientesdetarde.com\/index.php\/cultura\/cerca-de-100-mil-personas-disfrutaron-de-las-diez-noches-de-la-fiesta-nacional-del-chamame\/","title":{"rendered":"Cerca de 100 mil personas disfrutaron de las diez noches de la Fiesta Nacional del Chamam\u00e9"},"content":{"rendered":"\n<p>As\u00ed lo revle\u00f3 el presidente del Instituto de Cultura, Gabriel Romero.\u00a0 &#8220;Estamos muy contentos de que la cultura sea el instrumento que permita que se acerque gran cantidad de gente&#8221;, remarc\u00f3 el funcionario provincial.\u00a0<\/p>\n\n\n\n<p>Luego de 10 noches de pura m\u00fasica y danza correntina, la 33\u00b0 Fiesta Nacional del Chamam\u00e9, 19\u00b0 Fiesta del MERCOSUR y 3\u00b0 Celebraci\u00f3n Mundial, lleg\u00f3 a su fin en la madrugada de este lunes cuando el Anfiteatro &#8220;Mario del Tr\u00e1nsito Cocomarola&#8221;, se convirti\u00f3 en una gran bailanta chamamecera y donde Amanday\u00e9 le puso el broche de oro. Asimismo, se dio a conocer en la oportunidad la fecha, el slogan e imagen de la edici\u00f3n 2025, que se realizar\u00e1 del 17 al 26 de enero, bajo el lema &#8220;av\u00edo del alma&#8221;.<\/p>\n\n\n\n<p>El \u00faltimo sapucay del Chamam\u00e9 2024 inici\u00f3 este domingo, cuando sobre el escenario &#8220;Osvaldo Sosa Cordero&#8221; comenzaron a desfilar los diferentes artistas que conformaron la grilla de esta fecha. Es as\u00ed que pasaron Mirian Asuad, Grupo Iber\u00e1, Guran\u00edtica, Milagros Caliva, Nahir Rodr\u00edguez que tuvo como invitado a Chingoli y Chingui Bofill, G-Latina, Purajei Soul de Paraguay; fue el turno de la actuaci\u00f3n de la Pareja Nacional Juvenil del Chamam\u00e9 2024, compuesto por Milagros G\u00f3mez y Mauricio Morel, como as\u00ed tambi\u00e9n de la Revelaci\u00f3n en el marco de la Pre Fiesta, Jos\u00e9 Surt.<\/p>\n\n\n\n<p>Adem\u00e1s, durante la noche, el presidente del Instituto de Cultura de Corrientes, Gabriel Romero, le entreg\u00f3 un reconocimiento al director de Artes Esc\u00e9nicas, M\u00fasica y Artes Audiovisuales, Eduardo S\u00edvori, por los 20 a\u00f1os al frente de la Direcci\u00f3n General de la Fiesta del Chamam\u00e9.<\/p>\n\n\n\n<p>Ya pasada las 0 horas de este lunes, se dio lugar al inicio de una gran bailanta chamamecera de la mano de la actuaci\u00f3n de Los Matu\u00e1 Mercede\u00f1os, Tono Ben\u00edtez y los Criollos de Corrientes, Los G\u00fcepa Che, Los \u00c1ngeles Rom\u00e1nticos con Hern\u00e1n Arias, Jos\u00e9 Aquino y sus Reyes, entre otros, que pusieron a bailar al p\u00fablico en todo el predio. Cabe destacar al Ballet Oficial de la Fiesta, que formaron parte de este momento, quienes ocuparon todo el escenario demostrando sus destrezas chamameceras.<\/p>\n\n\n\n<figure class=\"wp-block-image\"><img decoding=\"async\" src=\"https:\/\/www.diarioepoca.com\/content\/bucket\/8\/1343258w762h508c.jpg.webp\" alt=\"\"\/><\/figure>\n\n\n\n<p>Luego, los conductores Virginia Acosta y Gustavo Altamirano, comenzaron con los agradecimientos a todos los que hicieron posible la Fiesta grande de los correntinos, partiendo principalmente por el Gobierno provincial a trav\u00e9s del Instituto de Cultura. De esta manera, inici\u00f3 la despedida del &#8220;Chamam\u00e9, grito de identidad&#8221; y se anunci\u00f3 que la 34\u00b0 Fiesta Nacional del Chamam\u00e9, 20\u00b0 Fiesta del MERCOSUR y 4\u00b0 Celebraci\u00f3n Mundial, se realizar\u00e1 del 17 al 26 de enero de 2025 en la ciudad de Corrientes, bajo el slogan &#8220;av\u00edo del alma&#8221;, que fue reproducido por un audio con la voz del padre Juli\u00e1n Zini.<\/p>\n\n\n\n<p>Seguidamente dieron paso al prestigioso conjunto Amanday\u00e9, que fue el encargado de cerrar la velada y la presente edici\u00f3n de la Fiesta del Chamam\u00e9, quienes se encuentran celebrando sus 25 a\u00f1os.<\/p>\n\n\n\n<p><strong>&nbsp;Balance exitoso<\/strong><\/p>\n\n\n\n<p>&#8220;Estamos cerrando esta edici\u00f3n, muy exitosa por cierto; contentos de haber contado con mucho p\u00fablico a lo largo de las 10 noches, con casi 100 mil personas entre todas las jornadas&#8221;, sostuvo al presidente de Cultura, Gabriel Romero, al expresar sus primeras sensaciones sobre esta \u00faltima edici\u00f3n.<\/p>\n\n\n\n<figure class=\"wp-block-image\"><img decoding=\"async\" src=\"https:\/\/www.diarioepoca.com\/content\/bucket\/6\/1343256w762h460c.jpg.webp\" alt=\"\"\/><\/figure>\n\n\n\n<p>El funcionario, adem\u00e1s, destac\u00f3 &#8220;la proyecci\u00f3n que tiene la Fiesta a trav\u00e9s de la televisi\u00f3n, con los canales locales, de Brasil y de Paraguay y la Televisi\u00f3n P\u00fablica argentina&#8221;. &#8220;Estamos muy contentos de que la cultura sea el instrumento que permita que se acerque gran cantidad de gente, de turistas de diferentes lugares y que esto genere puestos de trabajo, fundamental para movilizar esta alternativa que es el turismo como una fuente de recursos, en estos tiempos dif\u00edciles&#8221;, a\u00f1adi\u00f3 el mismo.<\/p>\n\n\n\n<p><strong>FNCH2025<\/strong><\/p>\n\n\n\n<p>&#8220;A partir de este el lunes se inicia el trabajo para la pr\u00f3xima edici\u00f3n, denominada \u2018av\u00edo del alma\u2019, que ser\u00e1 del 17 al 26 de enero de 2025&#8221;, adelant\u00f3 Romero, respecto a la organizaci\u00f3n de la Fiesta para el a\u00f1o venidero, remarcando que &#8220;esto nos permite articular con las otras dos grandes fiestas que tiene la Argentina, que son \u2018Jes\u00fas Mar\u00eda\u2019 y \u2018Cosqu\u00edn\u2019, y seguir difundiendo el chamam\u00e9, y otras alternativas culturales que tiene la provincia&#8221;.<\/p>\n\n\n\n<p>&#8220;Hay un compromiso del Gobierno provincial de garantizar esto, tanto en el chamam\u00e9 como en el carnaval, que son dos recursos culturales que se convierten en recursos tur\u00edsticos y que son absolutamente fuertes para poder sumar a las riquezas naturales que tiene Corrientes, junto a su historia y su tradici\u00f3n&#8221;, agreg\u00f3 el funcionario, ratificando el permanente apoyo de la Provincia.<\/p>\n\n\n\n<p><strong>Av\u00edo del alma<\/strong><\/p>\n\n\n\n<p>Respecto a la elecci\u00f3n del lema para la pr\u00f3xima edici\u00f3n, el titular de Cultura dijo que la misma responde &#8220;a esa posibilidad que tenemos los correntinos de llevar algo adentro, y el que nos visita tambi\u00e9n se nutre de ese av\u00edo del alma que contiene todo este v\u00ednculo ancestral con el chamam\u00e9&#8221;. &#8220;Se lleva como como algo espiritual y es una herramienta para atravesar por estos tiempos dif\u00edciles&#8221;, a\u00f1adi\u00f3 el mismo, en alusi\u00f3n al mismo sentido del tema elegido.<\/p>\n","protected":false},"excerpt":{"rendered":"<p>As\u00ed lo revle\u00f3 el presidente del Instituto de Cultura, Gabriel Romero.\u00a0 &#8220;Estamos muy contentos de que la cultura sea el instrumento que permita que se acerque gran cantidad de gente&#8221;,&hellip; <\/p>\n","protected":false},"author":3,"featured_media":120067,"comment_status":"closed","ping_status":"open","sticky":false,"template":"","format":"standard","meta":{"footnotes":""},"categories":[15],"tags":[],"class_list":["post-120064","post","type-post","status-publish","format-standard","has-post-thumbnail","hentry","category-cultura"],"_links":{"self":[{"href":"https:\/\/corrientesdetarde.com\/index.php\/wp-json\/wp\/v2\/posts\/120064","targetHints":{"allow":["GET"]}}],"collection":[{"href":"https:\/\/corrientesdetarde.com\/index.php\/wp-json\/wp\/v2\/posts"}],"about":[{"href":"https:\/\/corrientesdetarde.com\/index.php\/wp-json\/wp\/v2\/types\/post"}],"author":[{"embeddable":true,"href":"https:\/\/corrientesdetarde.com\/index.php\/wp-json\/wp\/v2\/users\/3"}],"replies":[{"embeddable":true,"href":"https:\/\/corrientesdetarde.com\/index.php\/wp-json\/wp\/v2\/comments?post=120064"}],"version-history":[{"count":1,"href":"https:\/\/corrientesdetarde.com\/index.php\/wp-json\/wp\/v2\/posts\/120064\/revisions"}],"predecessor-version":[{"id":120084,"href":"https:\/\/corrientesdetarde.com\/index.php\/wp-json\/wp\/v2\/posts\/120064\/revisions\/120084"}],"wp:featuredmedia":[{"embeddable":true,"href":"https:\/\/corrientesdetarde.com\/index.php\/wp-json\/wp\/v2\/media\/120067"}],"wp:attachment":[{"href":"https:\/\/corrientesdetarde.com\/index.php\/wp-json\/wp\/v2\/media?parent=120064"}],"wp:term":[{"taxonomy":"category","embeddable":true,"href":"https:\/\/corrientesdetarde.com\/index.php\/wp-json\/wp\/v2\/categories?post=120064"},{"taxonomy":"post_tag","embeddable":true,"href":"https:\/\/corrientesdetarde.com\/index.php\/wp-json\/wp\/v2\/tags?post=120064"}],"curies":[{"name":"wp","href":"https:\/\/api.w.org\/{rel}","templated":true}]}}