{"id":120098,"date":"2024-01-22T18:29:47","date_gmt":"2024-01-22T21:29:47","guid":{"rendered":"https:\/\/corrientesdetarde.com\/?p=120098"},"modified":"2024-01-22T18:29:59","modified_gmt":"2024-01-22T21:29:59","slug":"milei-lleva-su-agenda-en-torno-a-la-negociacion-de-la-ley-bases-en-olivos","status":"publish","type":"post","link":"https:\/\/corrientesdetarde.com\/index.php\/politica\/milei-lleva-su-agenda-en-torno-a-la-negociacion-de-la-ley-bases-en-olivos\/","title":{"rendered":"Milei lleva su agenda en torno a la negociaci\u00f3n de la Ley Bases en Olivos"},"content":{"rendered":"\n<p>(Juan Pablo Peralta, Casa de Gobierno) &#8211; El presidente Javier Milei desarrolla su actividad este lunes desde la Residencia de Olivos para coordinar con los presidentes de las comisiones legislativas que negocian la Ley Bases con opositores dipuestos a dialogar con el Gobierno.<\/p>\n\n\n\n<figure class=\"wp-block-embed is-type-video is-provider-youtube wp-block-embed-youtube wp-embed-aspect-16-9 wp-has-aspect-ratio\"><div class=\"wp-block-embed__wrapper\">\n<iframe loading=\"lazy\" title=\"Milei sigue la agenda legislativa desde Olivos\" width=\"1110\" height=\"624\" src=\"https:\/\/www.youtube.com\/embed\/NSZn9f9fQJY?feature=oembed\" frameborder=\"0\" allow=\"accelerometer; autoplay; clipboard-write; encrypted-media; gyroscope; picture-in-picture; web-share\" allowfullscreen><\/iframe>\n<\/div><\/figure>\n\n\n\n<p>Por su parte, en conferencia de prensa, el vocero Manuel Adorni respondi\u00f3 al ex secretario de Medios del kirchnerismo, Jos\u00e9 &#8220;Pepe&#8221; Albistur, por haber dicho que &#8220;esto es como Semana Santa, no se sabe si cae en marzo o abril&#8221;. El funcionario lo calific\u00f3 de &#8220;golpista de reposera&#8221;. En otro orden de cosas, el portavoz anunci\u00f3 la baja de 27.208 planes sociales de beneficiarios que hicieron viajes al exterior. Reiter\u00f3 que est\u00e1 habilitada la l\u00ednea 134 para los que quieran denunciar extorsiones para manifestarse o participar de la medida de fuerza del pr\u00f3ximo mi\u00e9rcoles. Agreg\u00f3 que en ese n\u00famero ya se recibieron 53.300 llamadas. La agenda diaria de la administraci\u00f3n de la Libertad Avanza se vio modificada cuando se conoci\u00f3 el asesinato de la hija de un custodio de la ministra de Seguridad de la Naci\u00f3n, Patricia Bullrich, en un intento de robo en la localidad bonaerense de Lomas de Zamora, hecho que recibi\u00f3 el repudio de la funcionaria y del propio titular del Poder Ejecutivo.<\/p>\n","protected":false},"excerpt":{"rendered":"<p>(Juan Pablo Peralta, Casa de Gobierno) &#8211; El presidente Javier Milei desarrolla su actividad este lunes desde la Residencia de Olivos para coordinar con los presidentes de las comisiones legislativas&hellip; <\/p>\n","protected":false},"author":11,"featured_media":118571,"comment_status":"closed","ping_status":"open","sticky":false,"template":"","format":"standard","meta":{"footnotes":""},"categories":[3],"tags":[336,109],"class_list":["post-120098","post","type-post","status-publish","format-standard","has-post-thumbnail","hentry","category-politica","tag-milei","tag-peralta"],"_links":{"self":[{"href":"https:\/\/corrientesdetarde.com\/index.php\/wp-json\/wp\/v2\/posts\/120098","targetHints":{"allow":["GET"]}}],"collection":[{"href":"https:\/\/corrientesdetarde.com\/index.php\/wp-json\/wp\/v2\/posts"}],"about":[{"href":"https:\/\/corrientesdetarde.com\/index.php\/wp-json\/wp\/v2\/types\/post"}],"author":[{"embeddable":true,"href":"https:\/\/corrientesdetarde.com\/index.php\/wp-json\/wp\/v2\/users\/11"}],"replies":[{"embeddable":true,"href":"https:\/\/corrientesdetarde.com\/index.php\/wp-json\/wp\/v2\/comments?post=120098"}],"version-history":[{"count":1,"href":"https:\/\/corrientesdetarde.com\/index.php\/wp-json\/wp\/v2\/posts\/120098\/revisions"}],"predecessor-version":[{"id":120099,"href":"https:\/\/corrientesdetarde.com\/index.php\/wp-json\/wp\/v2\/posts\/120098\/revisions\/120099"}],"wp:featuredmedia":[{"embeddable":true,"href":"https:\/\/corrientesdetarde.com\/index.php\/wp-json\/wp\/v2\/media\/118571"}],"wp:attachment":[{"href":"https:\/\/corrientesdetarde.com\/index.php\/wp-json\/wp\/v2\/media?parent=120098"}],"wp:term":[{"taxonomy":"category","embeddable":true,"href":"https:\/\/corrientesdetarde.com\/index.php\/wp-json\/wp\/v2\/categories?post=120098"},{"taxonomy":"post_tag","embeddable":true,"href":"https:\/\/corrientesdetarde.com\/index.php\/wp-json\/wp\/v2\/tags?post=120098"}],"curies":[{"name":"wp","href":"https:\/\/api.w.org\/{rel}","templated":true}]}}