{"id":120106,"date":"2024-01-22T21:40:36","date_gmt":"2024-01-23T00:40:36","guid":{"rendered":"https:\/\/corrientesdetarde.com\/?p=120106"},"modified":"2024-01-22T21:40:37","modified_gmt":"2024-01-23T00:40:37","slug":"alexei-nalvany-dijo-que-todas-las-mananas-lo-obligan-a-escuchar-a-un-cantante-pop-pro-putin-en-prision","status":"publish","type":"post","link":"https:\/\/corrientesdetarde.com\/index.php\/internacionales\/alexei-nalvany-dijo-que-todas-las-mananas-lo-obligan-a-escuchar-a-un-cantante-pop-pro-putin-en-prision\/","title":{"rendered":"Alexei Nalvany dijo que todas las ma\u00f1anas lo obligan a escuchar a un cantante pop pro-Putin en prisi\u00f3n"},"content":{"rendered":"\n<p>El l\u00edder opositor ruso afirm\u00f3 que los cargos contra \u00e9l fueron inventados para mantenerlo alejado de la pol\u00edtica.<\/p>\n\n\n\n<p><strong>Alexei Navalny<\/strong>, el encarcelado cr\u00edtico del Kremlin, dijo que fue envenenado, agredido y privado de atenci\u00f3n m\u00e9dica adecuada, pero revel\u00f3 que enfrenta un nuevo reto: verse obligado a\u00a0<strong>escuchar a un cantante pop pro-Putin a las 5 horas, todos los d\u00edas.<\/strong><\/p>\n\n\n\n<p>Navalny, un ex abogado que salt\u00f3 a la fama hace m\u00e1s de una d\u00e9cada por ridiculizar a la \u00e9lite del presidente&nbsp;<strong>Vladimir Putin&nbsp;<\/strong>y denunciar la corrupci\u00f3n, se encuentra actualmente en una c\u00e1rcel a unos 60 kil\u00f3metros al norte del C\u00edrculo Polar \u00c1rtico.<\/p>\n\n\n\n<p>Condenado a&nbsp;<strong>permanecer en prisi\u00f3n hasta los 74 a\u00f1os&nbsp;<\/strong>por cargos que, seg\u00fan \u00e9l, fueron inventados para mantenerlo alejado de la pol\u00edtica, Navalny declar\u00f3 que su r\u00e9gimen matutino consiste ahora en<strong>&nbsp;<\/strong>escuchar el himno nacional ruso antes de que le pongan &#8220;<strong>Yo soy ruso&#8221;, una canci\u00f3n patri\u00f3tica interpretada por un cantante pro-Putin llamado &#8220;Shaman&#8221;.<\/strong><\/p>\n\n\n\n<p>Shaman, cuyo verdadero nombre es Yaroslav Dronov, se ha subido a una ola de patriotismo b\u00e9lico para convertirse en un habitual de la televisi\u00f3n estatal y es una de las celebridades que proponen oficialmente a Putin como candidato a la presidencia en marzo.<\/p>\n\n\n\n<p>Su canci\u00f3n emblem\u00e1tica, &#8220;Yo soy ruso&#8221;, que a veces interpreta vestido con un traje de cuero negro y una banda en el brazo con los colores de la bandera rusa, habla de c\u00f3mo&nbsp;<strong>los rusos no pueden &#8220;quebrarse&#8221; y deben &#8220;ir hasta el final&#8221;.<\/strong><\/p>\n\n\n\n<p>El cantante, de 32 a\u00f1os, suscit\u00f3 pol\u00e9mica en noviembre cuando simul\u00f3 hacer estallar una bomba nuclear en un concierto retransmitido por la televisi\u00f3n estatal pulsando un bot\u00f3n rojo en una maleta nuclear simulada, antes de que estallaran fuegos artificiales a su alrededor.<\/p>\n\n\n\n<p>En un mensaje en X facilitado por sus aliados, Navalny describi\u00f3 una rutina matutina surrealista.<\/p>\n\n\n\n<p>&#8220;El cantante Shaman salt\u00f3 a la fama cuando yo ya estaba en la c\u00e1rcel, por lo que no pod\u00eda verle ni escuchar su m\u00fasica. Pero sab\u00eda que se hab\u00eda convertido en el principal cantante de Putin. Y que su canci\u00f3n principal era &#8216;Yo soy ruso'&#8221;, escribi\u00f3 Navalny.<\/p>\n\n\n\n<p>&#8220;Por supuesto que ten\u00eda curiosidad, pero d\u00f3nde pod\u00eda escucharla estando en la c\u00e1rcel. Y entonces me llevaron a Yamal (la ubicaci\u00f3n de su prisi\u00f3n en el \u00c1rtico). Y aqu\u00ed, todos los d\u00edas a las 5 am, o\u00edmos la orden: &#8216;\u00a1Lev\u00e1ntate!&#8217;, seguida del himno nacional ruso, e inmediatamente despu\u00e9s suena la segunda canci\u00f3n m\u00e1s importante del pa\u00eds: &#8216;Yo soy ruso&#8217;, de Shaman&#8221;.<\/p>\n","protected":false},"excerpt":{"rendered":"<p>El l\u00edder opositor ruso afirm\u00f3 que los cargos contra \u00e9l fueron inventados para mantenerlo alejado de la pol\u00edtica. Alexei Navalny, el encarcelado cr\u00edtico del Kremlin, dijo que fue envenenado, agredido&hellip; <\/p>\n","protected":false},"author":4,"featured_media":120137,"comment_status":"closed","ping_status":"open","sticky":false,"template":"","format":"standard","meta":{"footnotes":""},"categories":[11],"tags":[],"class_list":["post-120106","post","type-post","status-publish","format-standard","has-post-thumbnail","hentry","category-internacionales"],"_links":{"self":[{"href":"https:\/\/corrientesdetarde.com\/index.php\/wp-json\/wp\/v2\/posts\/120106","targetHints":{"allow":["GET"]}}],"collection":[{"href":"https:\/\/corrientesdetarde.com\/index.php\/wp-json\/wp\/v2\/posts"}],"about":[{"href":"https:\/\/corrientesdetarde.com\/index.php\/wp-json\/wp\/v2\/types\/post"}],"author":[{"embeddable":true,"href":"https:\/\/corrientesdetarde.com\/index.php\/wp-json\/wp\/v2\/users\/4"}],"replies":[{"embeddable":true,"href":"https:\/\/corrientesdetarde.com\/index.php\/wp-json\/wp\/v2\/comments?post=120106"}],"version-history":[{"count":1,"href":"https:\/\/corrientesdetarde.com\/index.php\/wp-json\/wp\/v2\/posts\/120106\/revisions"}],"predecessor-version":[{"id":120146,"href":"https:\/\/corrientesdetarde.com\/index.php\/wp-json\/wp\/v2\/posts\/120106\/revisions\/120146"}],"wp:featuredmedia":[{"embeddable":true,"href":"https:\/\/corrientesdetarde.com\/index.php\/wp-json\/wp\/v2\/media\/120137"}],"wp:attachment":[{"href":"https:\/\/corrientesdetarde.com\/index.php\/wp-json\/wp\/v2\/media?parent=120106"}],"wp:term":[{"taxonomy":"category","embeddable":true,"href":"https:\/\/corrientesdetarde.com\/index.php\/wp-json\/wp\/v2\/categories?post=120106"},{"taxonomy":"post_tag","embeddable":true,"href":"https:\/\/corrientesdetarde.com\/index.php\/wp-json\/wp\/v2\/tags?post=120106"}],"curies":[{"name":"wp","href":"https:\/\/api.w.org\/{rel}","templated":true}]}}