{"id":120109,"date":"2024-01-22T20:33:53","date_gmt":"2024-01-22T23:33:53","guid":{"rendered":"https:\/\/corrientesdetarde.com\/?p=120109"},"modified":"2024-01-22T20:34:00","modified_gmt":"2024-01-22T23:34:00","slug":"familiares-de-los-rehenes-de-gaza-irrumpieron-en-el-parlamento-israeli-mientras-aumentan-las-protestas","status":"publish","type":"post","link":"https:\/\/corrientesdetarde.com\/index.php\/internacionales\/familiares-de-los-rehenes-de-gaza-irrumpieron-en-el-parlamento-israeli-mientras-aumentan-las-protestas\/","title":{"rendered":"Familiares de los rehenes de Gaza irrumpieron en el Parlamento israel\u00ed mientras aumentan las protestas"},"content":{"rendered":"\n<p>Exigieron que se &#8220;hagan m\u00e1s cosas&#8221; para intentar liberar a sus seres queridos, cautivos desde el 7 de octubre pasado.<\/p>\n\n\n\n<p>Un grupo de\u00a0familiares de israel\u00edes retenidos como rehenes\u00a0por milicianos de Ham\u00e1s irrumpi\u00f3 el lunes en una sesi\u00f3n de una comisi\u00f3n parlamentaria en Jerusal\u00e9n,\u00a0<strong>exigiendo que los parlamentarios hicieran m\u00e1s para intentar liberar a sus seres queridos.<\/strong><\/p>\n\n\n\n<p>La acci\u00f3n, en la que participaron unas 20 personas, puso de manifiesto el creciente descontento interno en el cuarto mes de la\u00a0guerra de Gaza.<\/p>\n\n\n\n<p>Una mujer mostr\u00f3 fotos de tres familiares que se encontraban entre las&nbsp;<strong>253 personas capturadas en el ataque transfronterizo de Ham\u00e1s del 7 de octubre,<\/strong>&nbsp;que desencaden\u00f3 los peores combates en d\u00e9cadas.<\/p>\n\n\n\n<p>Unas 130 permanecen retenidas en Gaza,\u00a0despu\u00e9s de que otras fueran devueltas a casa en noviembre, tras una tregua.<\/p>\n\n\n\n<p><strong>&#8220;Solo me gustar\u00eda que me devolvieran a uno vivo, \u00a1a uno de tres!&#8221;,<\/strong>&nbsp;grit\u00f3 la manifestante tras irrumpir en el debate de la Comisi\u00f3n de Finanzas de la Kn\u00e9set.<\/p>\n\n\n\n<p>Otros manifestantes, vestidos con camisetas negras, portaban pancartas en las que se le\u00eda: &#8220;No pueden estar sentados aqu\u00ed mientras ellos mueren all\u00ed&#8221;.<\/p>\n\n\n\n<h3 class=\"wp-block-heading\">\u201c\u00a1Lib\u00e9renlos ya, ya, ya!\u201d&nbsp;<\/h3>\n\n\n\n<p>Los esfuerzos de\u00a0Estados Unidos, Qatar y Egipto para mediar en otra liberaci\u00f3n parecen lejos de conciliar el empe\u00f1o de Israel en destruir a Ham\u00e1s y\u00a0<strong>la exigencia de Ham\u00e1s de que Israel se retire y libere a todos los miles de palestinos\u00a0<\/strong>\u2014incluidos milicianos de alto rango\u2014 de sus prisiones.<\/p>\n\n\n\n<p>El destino de los rehenes \u201427 de los cuales, seg\u00fan Israel, han muerto en cautiverio\u2014 mantiene en vilo al pa\u00eds. Pero<strong>&nbsp;los familiares temen que el cansancio de la guerra pueda atenuar esa atenci\u00f3n.<\/strong>&nbsp;Las manifestaciones que inicialmente promov\u00edan la unidad nacional se han vuelto m\u00e1s agresivas.<\/p>\n\n\n\n<p>Los manifestantes tambi\u00e9n han acampado frente a la casa costera del primer ministro Benjamin Netanyahu, as\u00ed como frente al edificio de la Kn\u00e9set, algunos exigiendo un fin unilateral de la guerra o unas elecciones que puedan derrocar al Gobierno de extrema derecha.<\/p>\n\n\n\n<p><strong>Los ujieres parlamentarios, a menudo r\u00e1pidos en expulsar a los alborotadores o manifestantes, se mantuvieron al margen durante el alboroto en el Comit\u00e9 de Finanzas de la Kn\u00e9set.<\/strong>&nbsp;Una parlamentaria se cubri\u00f3 la cara con las manos.<\/p>\n\n\n\n<p><strong>El presidente de la comisi\u00f3n,<\/strong>&nbsp;Moshe Gafni, jefe de un partido jud\u00edo ultraortodoxo de la coalici\u00f3n de Netanyahu, se levant\u00f3,&nbsp;<strong>pidi\u00f3 que se interrumpiera la sesi\u00f3n informativa sobre econom\u00eda que se estaba celebrando y trat\u00f3 de calmar a los manifestantes.<\/strong><\/p>\n\n\n\n<p>&#8220;Redimir a los cautivos es el precepto m\u00e1s importante del juda\u00edsmo, especialmente en este caso, en el que urge preservar la vida&#8221;, dijo, pero a\u00f1adi\u00f3: &#8220;Abandonar la coalici\u00f3n no conseguir\u00eda nada&#8221;.<\/p>\n\n\n\n<p>El domingo, Netanyahu rechaz\u00f3 las condiciones presentadas por Ham\u00e1s para poner fin a la guerra y liberar a los rehenes, que incluir\u00edan&nbsp;la retirada completa de Israel y dejar a Ham\u00e1s en el poder en Gaza.<\/p>\n\n\n\n<p>Tras ello, el Foro de Familias de Rehenes y Desaparecidos exigi\u00f3 a Netanyahu que se posicione:&nbsp;<strong>&#8220;Diga claramente que no abandonaremos a los civiles, soldados y dem\u00e1s secuestrados en la debacle de octubre&#8221;.<\/strong><\/p>\n\n\n\n<p>&#8220;Si el primer ministro decide sacrificar a los rehenes,&nbsp;<strong>deber\u00eda mostrar liderazgo y compartir honestamente su posici\u00f3n con el p\u00fablico israel\u00ed&#8221;,<\/strong>&nbsp;afirm\u00f3 en un comunicado.<\/p>\n","protected":false},"excerpt":{"rendered":"<p>Exigieron que se &#8220;hagan m\u00e1s cosas&#8221; para intentar liberar a sus seres queridos, cautivos desde el 7 de octubre pasado. Un grupo de\u00a0familiares de israel\u00edes retenidos como rehenes\u00a0por milicianos de&hellip; <\/p>\n","protected":false},"author":4,"featured_media":120110,"comment_status":"closed","ping_status":"open","sticky":false,"template":"","format":"standard","meta":{"footnotes":""},"categories":[11],"tags":[],"class_list":["post-120109","post","type-post","status-publish","format-standard","has-post-thumbnail","hentry","category-internacionales"],"_links":{"self":[{"href":"https:\/\/corrientesdetarde.com\/index.php\/wp-json\/wp\/v2\/posts\/120109","targetHints":{"allow":["GET"]}}],"collection":[{"href":"https:\/\/corrientesdetarde.com\/index.php\/wp-json\/wp\/v2\/posts"}],"about":[{"href":"https:\/\/corrientesdetarde.com\/index.php\/wp-json\/wp\/v2\/types\/post"}],"author":[{"embeddable":true,"href":"https:\/\/corrientesdetarde.com\/index.php\/wp-json\/wp\/v2\/users\/4"}],"replies":[{"embeddable":true,"href":"https:\/\/corrientesdetarde.com\/index.php\/wp-json\/wp\/v2\/comments?post=120109"}],"version-history":[{"count":1,"href":"https:\/\/corrientesdetarde.com\/index.php\/wp-json\/wp\/v2\/posts\/120109\/revisions"}],"predecessor-version":[{"id":120111,"href":"https:\/\/corrientesdetarde.com\/index.php\/wp-json\/wp\/v2\/posts\/120109\/revisions\/120111"}],"wp:featuredmedia":[{"embeddable":true,"href":"https:\/\/corrientesdetarde.com\/index.php\/wp-json\/wp\/v2\/media\/120110"}],"wp:attachment":[{"href":"https:\/\/corrientesdetarde.com\/index.php\/wp-json\/wp\/v2\/media?parent=120109"}],"wp:term":[{"taxonomy":"category","embeddable":true,"href":"https:\/\/corrientesdetarde.com\/index.php\/wp-json\/wp\/v2\/categories?post=120109"},{"taxonomy":"post_tag","embeddable":true,"href":"https:\/\/corrientesdetarde.com\/index.php\/wp-json\/wp\/v2\/tags?post=120109"}],"curies":[{"name":"wp","href":"https:\/\/api.w.org\/{rel}","templated":true}]}}