{"id":120114,"date":"2024-01-22T20:37:39","date_gmt":"2024-01-22T23:37:39","guid":{"rendered":"https:\/\/corrientesdetarde.com\/?p=120114"},"modified":"2024-01-22T20:37:51","modified_gmt":"2024-01-22T23:37:51","slug":"ola-polar-en-estados-unidos-mas-de-80-muertos","status":"publish","type":"post","link":"https:\/\/corrientesdetarde.com\/index.php\/internacionales\/ola-polar-en-estados-unidos-mas-de-80-muertos\/","title":{"rendered":"Ola polar en Estados Unidos: m\u00e1s de 80 muertos"},"content":{"rendered":"\n<p>M\u00e1s de 100 millones de personas continuan afectadas a lo largo del pa\u00eds.<\/p>\n\n\n\n<p>M\u00e1s de 100 millones de personas en<strong>\u00a0Estados Unidos<\/strong>\u00a0siguen afectadas por las<strong>\u00a0tormentas de nieve<\/strong>, lluvias y viento g\u00e9lido\u00a0<strong>causando muertes, cancelaci\u00f3n de vuelos, cierre de escuelas, universidades, accidentes de tr\u00e1nsito y cortes de luz, gas y agua en todo el pa\u00eds.<\/strong><\/p>\n\n\n\n<p>Seg\u00fan los informes,&nbsp;<strong>89 personas perdieron la vida en 13 estados<\/strong>&nbsp;debido a la primera ola invernal del a\u00f1o, que llev\u00f3 la sensaci\u00f3n t\u00e9rmica a temperaturas bajo cero<\/p>\n\n\n\n<p>El mi\u00e9rcoles,<strong>&nbsp;Tennessee declar\u00f3 el estado de emergencia,<\/strong>&nbsp;acumulando el&nbsp;<strong>mayor n\u00famero de v\u00edctimas fatales, sumando 25 desde el 14 de enero,<\/strong>&nbsp;cuando comenz\u00f3 a afectar el sistema invernal seg\u00fan datos proporcionados por medios locales.<\/p>\n\n\n\n<p><strong>Las muertes ocurrieron por hipotermia, accidentes de tr\u00e1nsito y problemas con el sistema de calefacci\u00f3n.<\/strong><\/p>\n\n\n\n<p>Los&nbsp;<strong>residentes de Tennessee<\/strong>&nbsp;tuvieron que enfrentarse a&nbsp;<strong>22,8 cent\u00edmetros de nieve acumulada<\/strong>&nbsp;y en&nbsp;<strong>Oregon<\/strong>, se reportaron al menos&nbsp;<strong>16 v\u00edctimas<\/strong>. Como sorpresa,&nbsp;<strong>la ola polar alcanz\u00f3 a estados impensados como Texas y Florida<\/strong>&nbsp;que no acostumbran este tipo de temperaturas.<\/p>\n\n\n\n<p>En los&nbsp;<strong>estados del noroeste<\/strong>, las escuelas se vieron obligadas a cerrar, y m\u00e1s de&nbsp;<strong>45 mil personas quedaron a oscuras<\/strong>&nbsp;por un apag\u00f3n, donde tambi\u00e9n contin\u00faa el estado de emergencia.<\/p>\n\n\n\n<p><strong>Pensilvania, California, Nuevo M\u00e9xico e Indiana<\/strong>&nbsp;tambi\u00e9n reportaron&nbsp;<strong>cortes de energ\u00eda<\/strong>&nbsp;debido a las malas condiciones clim\u00e1ticas, que se espera que contin\u00faen durante esta semana.<\/p>\n\n\n\n<p>Los estados de&nbsp;<strong>Illinois, Mississippi, Kentucky, Wisconsin y Pensilvania reportaron muertes<\/strong>, aunque algunas est\u00e1n bajo investigaci\u00f3n para confirmar su relaci\u00f3n con el clima que afecta al pa\u00eds.<\/p>\n\n\n\n<p>Seg\u00fan el&nbsp;<strong>Servicio Nacional de Meteorolog\u00eda<\/strong>, se&nbsp;<strong>espera que una serie de frentes y sistemas de baja presi\u00f3n traigan aire c\u00e1lido&nbsp;<\/strong>al pa\u00eds norteamericano a mediados de la pr\u00f3xima semana.<\/p>\n","protected":false},"excerpt":{"rendered":"<p>M\u00e1s de 100 millones de personas continuan afectadas a lo largo del pa\u00eds. M\u00e1s de 100 millones de personas en\u00a0Estados Unidos\u00a0siguen afectadas por las\u00a0tormentas de nieve, lluvias y viento g\u00e9lido\u00a0causando&hellip; <\/p>\n","protected":false},"author":4,"featured_media":120115,"comment_status":"closed","ping_status":"open","sticky":false,"template":"","format":"standard","meta":{"footnotes":""},"categories":[11],"tags":[],"class_list":["post-120114","post","type-post","status-publish","format-standard","has-post-thumbnail","hentry","category-internacionales"],"_links":{"self":[{"href":"https:\/\/corrientesdetarde.com\/index.php\/wp-json\/wp\/v2\/posts\/120114","targetHints":{"allow":["GET"]}}],"collection":[{"href":"https:\/\/corrientesdetarde.com\/index.php\/wp-json\/wp\/v2\/posts"}],"about":[{"href":"https:\/\/corrientesdetarde.com\/index.php\/wp-json\/wp\/v2\/types\/post"}],"author":[{"embeddable":true,"href":"https:\/\/corrientesdetarde.com\/index.php\/wp-json\/wp\/v2\/users\/4"}],"replies":[{"embeddable":true,"href":"https:\/\/corrientesdetarde.com\/index.php\/wp-json\/wp\/v2\/comments?post=120114"}],"version-history":[{"count":1,"href":"https:\/\/corrientesdetarde.com\/index.php\/wp-json\/wp\/v2\/posts\/120114\/revisions"}],"predecessor-version":[{"id":120116,"href":"https:\/\/corrientesdetarde.com\/index.php\/wp-json\/wp\/v2\/posts\/120114\/revisions\/120116"}],"wp:featuredmedia":[{"embeddable":true,"href":"https:\/\/corrientesdetarde.com\/index.php\/wp-json\/wp\/v2\/media\/120115"}],"wp:attachment":[{"href":"https:\/\/corrientesdetarde.com\/index.php\/wp-json\/wp\/v2\/media?parent=120114"}],"wp:term":[{"taxonomy":"category","embeddable":true,"href":"https:\/\/corrientesdetarde.com\/index.php\/wp-json\/wp\/v2\/categories?post=120114"},{"taxonomy":"post_tag","embeddable":true,"href":"https:\/\/corrientesdetarde.com\/index.php\/wp-json\/wp\/v2\/tags?post=120114"}],"curies":[{"name":"wp","href":"https:\/\/api.w.org\/{rel}","templated":true}]}}