{"id":120117,"date":"2024-01-22T20:41:27","date_gmt":"2024-01-22T23:41:27","guid":{"rendered":"https:\/\/corrientesdetarde.com\/?p=120117"},"modified":"2024-01-22T20:41:31","modified_gmt":"2024-01-22T23:41:31","slug":"la-policia-de-ecuador-anuncio-la-captura-de-lider-de-grupo-rebelde-disidente-colombiano","status":"publish","type":"post","link":"https:\/\/corrientesdetarde.com\/index.php\/internacionales\/la-policia-de-ecuador-anuncio-la-captura-de-lider-de-grupo-rebelde-disidente-colombiano\/","title":{"rendered":"La Polic\u00eda de Ecuador anunci\u00f3 la captura de l\u00edder de grupo rebelde disidente colombiano"},"content":{"rendered":"\n<p>Las autoridades se encuentran en conversaciones para extraditar a Oliver Sinisterra a Colombia.<\/p>\n\n\n\n<p><strong>La polic\u00eda de\u00a0Ecuador\u00a0inform\u00f3 que captur\u00f3 al l\u00edder del grupo armado colombiano<\/strong>\u00a0<strong>Oliver Sinisterra<\/strong>\u00a0y que las autoridades ecuatorianas lo devolver\u00edan a Colombia.<\/p>\n\n\n\n<p>La noticia de la captura se produce en medio de una ofensiva militar lanzada por el gobierno de Ecuador para combatir a las bandas criminales.<\/p>\n\n\n\n<p>El presidente<strong>&nbsp;Daniel Noboa<\/strong>&nbsp;declar\u00f3 a principios de enero un estado de excepci\u00f3n por 60 d\u00edas, incluido un toque de queda nocturno, y design\u00f3 a&nbsp;<strong>22 bandas criminales como terroristas<\/strong>, tras una espiral de violencia desatada en el pa\u00eds andino.<\/p>\n\n\n\n<p>La captura de Carlos L. conocido como<strong>&nbsp;&#8216;El Gringo&#8217;<\/strong>&nbsp;se registr\u00f3 la noche del domingo en la provincia de Imbabura, al norte de Ecuador, luego de un seguimiento de tres meses por parte de las fuerzas de seguridad.<\/p>\n\n\n\n<p><strong>&#8220;Se realizar\u00e1 una audiencia migratoria para que sea expulsado de ac\u00e1 del Ecuador y enviado a Colombia&#8221;<\/strong>, dijo el comandante de la Polic\u00eda de Ecuador, C\u00e9sar Zapata, a periodistas. &#8220;Tiene un historial bastante grande en el tema delictivo&#8221;.<\/p>\n\n\n\n<p>Zapata dijo que estaba en conversaciones con la polic\u00eda colombiana para la entrega.<\/p>\n\n\n\n<p>Carlos L. estuvo involucrado en actividades criminales en Ecuador, dijo la polic\u00eda, especialmente con grupos terrrositas en San Lorenzo, cerca de la frontera con Colombia.<\/p>\n\n\n\n<p>Oliver Sinisterra es una facci\u00f3n del grupo Segunda Marquetalia de rebeldes disidentes de las ahora desmovilizadas Fuerzas Revolucionarias de Colombia (FARC) que abandonaron un acuerdo de paz de 2016 con el Estado.<\/p>\n\n\n\n<p>El frente Oliver Sinisterra opera en la provincia colombiana de Nari\u00f1o y en la provincia ecuatoriana de Esmeraldas.<\/p>\n\n\n\n<h2 class=\"wp-block-heading\">Incautaci\u00f3n hist\u00f3rica: las Fuerzas Armadas secuestraron 22 toneladas de coca\u00edna<\/h2>\n\n\n\n<p><strong>El Ej\u00e9rcito ecuatoriano requis\u00f3 22 toneladas de coca\u00edna<\/strong>, una de las mayores incautaciones de droga en la historia del pa\u00eds, dos semanas despu\u00e9s de que el Gobierno lanzara un plan ambicioso plan de seguridad contra grupos criminales.<\/p>\n\n\n\n<p>Las drogas, distribuidas en 733 paquetes, probablemente ten\u00edan como destino los mercados de Asia, Europa y Am\u00e9rica, seg\u00fan comunicaron las Fuerzas Armadas.<\/p>\n\n\n\n<p>El domingo, las FFAA subieron a las redes sociales videos sobre las enormes pilas de paquetes envueltos en pl\u00e1stico, algunos con etiquetas con nombres de varias aerol\u00edneas, en un dep\u00f3sito en la ciudad costera de Vinces, al norte de Guayaquil.<\/p>\n\n\n\n<p>&#8220;Esta operaci\u00f3n representa un fuerte debilitamiento a la capacidad operativa, log\u00edstica y financiera del narcotr\u00e1fico a nivel mundial&#8221;, afirm\u00f3 el Ej\u00e9rcito en X. La operaci\u00f3n sigui\u00f3 a seis meses de planificaci\u00f3n y vigilancia de inteligencia militar, agreg\u00f3.<\/p>\n\n\n\n<p>El anuncio de la incautaci\u00f3n se produce en coincidencia con una visita al pa\u00eds sudamericano de funcionarios estadounidenses de alto nivel que buscan una mayor cooperaci\u00f3n en la lucha contra el crimen organizado, en plena ofensiva militar contra la delincuencia por parte de la administraci\u00f3n de Daniel Noboa.<\/p>\n\n\n\n<p>El gobierno culpa a las poderosas bandas traficantes de coca\u00edna por la creciente violencia, incluido un reciente ataque a un hospital, la toma de rehenes y la interrupci\u00f3n de una transmisi\u00f3n televisiva en vivo por parte de hombres armados.<\/p>\n\n\n\n<p>La incautaci\u00f3n del domingo supera las 9,6 toneladas de coca\u00edna descubiertas en 2021 detr\u00e1s de un falso muro en la ciudad costera de Guayaquil, que ten\u00edan como destino M\u00e9xico y Estados Unidos.<\/p>\n","protected":false},"excerpt":{"rendered":"<p>Las autoridades se encuentran en conversaciones para extraditar a Oliver Sinisterra a Colombia. La polic\u00eda de\u00a0Ecuador\u00a0inform\u00f3 que captur\u00f3 al l\u00edder del grupo armado colombiano\u00a0Oliver Sinisterra\u00a0y que las autoridades ecuatorianas lo&hellip; <\/p>\n","protected":false},"author":4,"featured_media":120118,"comment_status":"closed","ping_status":"open","sticky":false,"template":"","format":"standard","meta":{"footnotes":""},"categories":[11],"tags":[],"class_list":["post-120117","post","type-post","status-publish","format-standard","has-post-thumbnail","hentry","category-internacionales"],"_links":{"self":[{"href":"https:\/\/corrientesdetarde.com\/index.php\/wp-json\/wp\/v2\/posts\/120117","targetHints":{"allow":["GET"]}}],"collection":[{"href":"https:\/\/corrientesdetarde.com\/index.php\/wp-json\/wp\/v2\/posts"}],"about":[{"href":"https:\/\/corrientesdetarde.com\/index.php\/wp-json\/wp\/v2\/types\/post"}],"author":[{"embeddable":true,"href":"https:\/\/corrientesdetarde.com\/index.php\/wp-json\/wp\/v2\/users\/4"}],"replies":[{"embeddable":true,"href":"https:\/\/corrientesdetarde.com\/index.php\/wp-json\/wp\/v2\/comments?post=120117"}],"version-history":[{"count":1,"href":"https:\/\/corrientesdetarde.com\/index.php\/wp-json\/wp\/v2\/posts\/120117\/revisions"}],"predecessor-version":[{"id":120119,"href":"https:\/\/corrientesdetarde.com\/index.php\/wp-json\/wp\/v2\/posts\/120117\/revisions\/120119"}],"wp:featuredmedia":[{"embeddable":true,"href":"https:\/\/corrientesdetarde.com\/index.php\/wp-json\/wp\/v2\/media\/120118"}],"wp:attachment":[{"href":"https:\/\/corrientesdetarde.com\/index.php\/wp-json\/wp\/v2\/media?parent=120117"}],"wp:term":[{"taxonomy":"category","embeddable":true,"href":"https:\/\/corrientesdetarde.com\/index.php\/wp-json\/wp\/v2\/categories?post=120117"},{"taxonomy":"post_tag","embeddable":true,"href":"https:\/\/corrientesdetarde.com\/index.php\/wp-json\/wp\/v2\/tags?post=120117"}],"curies":[{"name":"wp","href":"https:\/\/api.w.org\/{rel}","templated":true}]}}