{"id":120125,"date":"2024-01-22T20:59:29","date_gmt":"2024-01-22T23:59:29","guid":{"rendered":"https:\/\/corrientesdetarde.com\/?p=120125"},"modified":"2024-01-22T20:59:30","modified_gmt":"2024-01-22T23:59:30","slug":"la-argentina-seguira-perteneciendo-al-fonplata","status":"publish","type":"post","link":"https:\/\/corrientesdetarde.com\/index.php\/economia\/la-argentina-seguira-perteneciendo-al-fonplata\/","title":{"rendered":"La Argentina seguir\u00e1 perteneciendo al FONPLATA"},"content":{"rendered":"\n<p>En abril del a\u00f1o pasado el Gobierno de Alberto Fern\u00e1ndez hab\u00eda manifestado su intenci\u00f3n de dejar de pertenecer a la instituci\u00f3n.<\/p>\n\n\n\n<p><strong>El ministro de Econom\u00eda, Luis Caputo, anunci\u00f3 hoy que la Argentina mantendr\u00e1 su membres\u00eda en FONPLATA<\/strong>, un banco de desarrollo del que tambi\u00e9n participan Bolivia, Brasil, Paraguay y Uruguay.<\/p>\n\n\n\n<p>De esta forma, Caputo da marcha atr\u00e1s con la salida que hab\u00eda anunciado en 2023 el gobierno de Alberto Fern\u00e1ndez en una carta dirigida a las autoridades de la instituci\u00f3n. &nbsp;<\/p>\n\n\n\n<p>Conforme a lo previsto en el Convenio Constitutivo del Banco, este retiro no era inmediato, sino que precisaba de una serie de requisitos a cumplirse en un plazo m\u00ednimo de 12 meses. &nbsp;<\/p>\n\n\n\n<p>\u201cDe esta manera, las nuevas autoridades que asumieron el 10 de diciembre de 2023 decidieron dejar sin efecto la nota presentada en dicha oportunidad y continuar con la membres\u00eda en FONPLATA\u201d, se\u00f1al\u00f3 el Ministerio de Econom\u00eda en un comunicado oficial.<\/p>\n\n\n\n<p>En esta l\u00ednea, los Directores Ejecutivos por Argentina expresaron en el marco de la Reuni\u00f3n de Directorio 192\u00aa que reconoc\u00edan la importancia del Banco para la integraci\u00f3n y que siempre consideraron a la instituci\u00f3n como un \u201caliado.\u201d<\/p>\n\n\n\n<p>FONPLATA es un Banco de Desarrollo que cumplir\u00e1 50 a\u00f1os en 2024 y tiene como objetivo es \u201ccontribuir a reducir las disparidades socio-econ\u00f3micas y privilegiar la complementariedad y la sinergia de los esfuerzos de las instituciones de desarrollo nacional, as\u00ed como de otras agencias de desarrollo, mediante proyectos de dimensi\u00f3n media y peque\u00f1a a ser ejecutados en espacios geogr\u00e1ficos delimitados\u201d.<\/p>\n","protected":false},"excerpt":{"rendered":"<p>En abril del a\u00f1o pasado el Gobierno de Alberto Fern\u00e1ndez hab\u00eda manifestado su intenci\u00f3n de dejar de pertenecer a la instituci\u00f3n. El ministro de Econom\u00eda, Luis Caputo, anunci\u00f3 hoy que&hellip; <\/p>\n","protected":false},"author":4,"featured_media":120126,"comment_status":"closed","ping_status":"open","sticky":false,"template":"","format":"standard","meta":{"footnotes":""},"categories":[20],"tags":[],"class_list":["post-120125","post","type-post","status-publish","format-standard","has-post-thumbnail","hentry","category-economia"],"_links":{"self":[{"href":"https:\/\/corrientesdetarde.com\/index.php\/wp-json\/wp\/v2\/posts\/120125","targetHints":{"allow":["GET"]}}],"collection":[{"href":"https:\/\/corrientesdetarde.com\/index.php\/wp-json\/wp\/v2\/posts"}],"about":[{"href":"https:\/\/corrientesdetarde.com\/index.php\/wp-json\/wp\/v2\/types\/post"}],"author":[{"embeddable":true,"href":"https:\/\/corrientesdetarde.com\/index.php\/wp-json\/wp\/v2\/users\/4"}],"replies":[{"embeddable":true,"href":"https:\/\/corrientesdetarde.com\/index.php\/wp-json\/wp\/v2\/comments?post=120125"}],"version-history":[{"count":1,"href":"https:\/\/corrientesdetarde.com\/index.php\/wp-json\/wp\/v2\/posts\/120125\/revisions"}],"predecessor-version":[{"id":120127,"href":"https:\/\/corrientesdetarde.com\/index.php\/wp-json\/wp\/v2\/posts\/120125\/revisions\/120127"}],"wp:featuredmedia":[{"embeddable":true,"href":"https:\/\/corrientesdetarde.com\/index.php\/wp-json\/wp\/v2\/media\/120126"}],"wp:attachment":[{"href":"https:\/\/corrientesdetarde.com\/index.php\/wp-json\/wp\/v2\/media?parent=120125"}],"wp:term":[{"taxonomy":"category","embeddable":true,"href":"https:\/\/corrientesdetarde.com\/index.php\/wp-json\/wp\/v2\/categories?post=120125"},{"taxonomy":"post_tag","embeddable":true,"href":"https:\/\/corrientesdetarde.com\/index.php\/wp-json\/wp\/v2\/tags?post=120125"}],"curies":[{"name":"wp","href":"https:\/\/api.w.org\/{rel}","templated":true}]}}