{"id":120128,"date":"2024-01-22T21:07:18","date_gmt":"2024-01-23T00:07:18","guid":{"rendered":"https:\/\/corrientesdetarde.com\/?p=120128"},"modified":"2024-01-22T21:07:30","modified_gmt":"2024-01-23T00:07:30","slug":"ley-omnibus-ypf-quedo-afuera-de-las-empresas-a-privatizar","status":"publish","type":"post","link":"https:\/\/corrientesdetarde.com\/index.php\/economia\/ley-omnibus-ypf-quedo-afuera-de-las-empresas-a-privatizar\/","title":{"rendered":"Ley \u00f3mnibus: YPF qued\u00f3 afuera de las empresas a privatizar"},"content":{"rendered":"\n<p>El Gobierno estableci\u00f3 tambi\u00e9n que en otras compa\u00f1\u00edas podr\u00e1 realizar solo una venta parcial.<\/p>\n\n\n\n<p><strong>El Gobierno elimin\u00f3 a la petrolera YPF del listado de empresas p\u00fablicas a privatizar<\/strong>, y estableci\u00f3 que en otras podr\u00e1 realizar solo una venta parcial.<\/p>\n\n\n\n<p>La decisi\u00f3n forma parte de las numerosas modificaciones que el Poder Ejecutivo introdujo en el proyecto de ley \u00f3mnibus.<\/p>\n\n\n\n<p>En el cap\u00edtulo privatizaciones, YPF qued\u00f3 afuera, mientras que para Nucleoel\u00e9ctrica, Banco Naci\u00f3n y ARSAT se estableci\u00f3 que el Estado solamente puede realizar una privatizaci\u00f3n parcial, debiendo mantener el control de la empresa.&nbsp;<\/p>\n\n\n\n<p>Adem\u00e1s, se incorpor\u00f3 expresamente la participaci\u00f3n de la Comisi\u00f3n Bicameral de Privatizaciones de la Ley N 23.696 para el seguimiento de los tr\u00e1mites respectivos.<\/p>\n\n\n\n<p>Por otra parte, se elimin\u00f3 el articulo 9 y se ampli\u00f3 la redacci\u00f3n actual del art\u00edculo 35 de la Ley N\u00b0 24.804, con el fin de mantener el poder de veto en algunas decisiones de Nucleoel\u00e9ctrica Argentina Sociedad An\u00f3nima.<\/p>\n\n\n\n<p>En este caso, el art\u00edculo 35 del proyecto oficial qued\u00f3 redactado as\u00ed: &#8220;El Estado Nacional ser\u00e1 titular permanente de una &nbsp;acci\u00f3n de Nucleoel\u00e9ctrica Argentina Sociedad An\u00f3nima y se requerir\u00e1 ineludiblemente su voto afirmativo para la toma de decisiones que signifiquen:<br>a) La ampliaci\u00f3n de capacidad de una central de generaci\u00f3n nucleoel\u00e9ctrica existente y\/o la construcci\u00f3n de una nueva;<br>b) La salida de servicio por motivos no t\u00e9cnicos, ya sea temporal o definitiva, de una central de generaci\u00f3n nucleoel\u00e9ctrica;<br>c) La incorporaci\u00f3n de accionistas en la Sociedad que le otorguen el control en los t\u00e9rminos del art. 33 de la Ley N\u00b0 19.550 de Sociedades Comerciales.<\/p>\n\n\n\n<p>Tambi\u00e9n se elimin\u00f3 el articulo 11 del proyecto, manteniendo la obligaci\u00f3n del Estado de tener una acci\u00f3n con derecho a veto para las decisiones que impliquen el cierre de la actividad.<\/p>\n","protected":false},"excerpt":{"rendered":"<p>El Gobierno estableci\u00f3 tambi\u00e9n que en otras compa\u00f1\u00edas podr\u00e1 realizar solo una venta parcial. El Gobierno elimin\u00f3 a la petrolera YPF del listado de empresas p\u00fablicas a privatizar, y estableci\u00f3&hellip; <\/p>\n","protected":false},"author":4,"featured_media":120129,"comment_status":"closed","ping_status":"open","sticky":false,"template":"","format":"standard","meta":{"footnotes":""},"categories":[20],"tags":[],"class_list":["post-120128","post","type-post","status-publish","format-standard","has-post-thumbnail","hentry","category-economia"],"_links":{"self":[{"href":"https:\/\/corrientesdetarde.com\/index.php\/wp-json\/wp\/v2\/posts\/120128","targetHints":{"allow":["GET"]}}],"collection":[{"href":"https:\/\/corrientesdetarde.com\/index.php\/wp-json\/wp\/v2\/posts"}],"about":[{"href":"https:\/\/corrientesdetarde.com\/index.php\/wp-json\/wp\/v2\/types\/post"}],"author":[{"embeddable":true,"href":"https:\/\/corrientesdetarde.com\/index.php\/wp-json\/wp\/v2\/users\/4"}],"replies":[{"embeddable":true,"href":"https:\/\/corrientesdetarde.com\/index.php\/wp-json\/wp\/v2\/comments?post=120128"}],"version-history":[{"count":1,"href":"https:\/\/corrientesdetarde.com\/index.php\/wp-json\/wp\/v2\/posts\/120128\/revisions"}],"predecessor-version":[{"id":120130,"href":"https:\/\/corrientesdetarde.com\/index.php\/wp-json\/wp\/v2\/posts\/120128\/revisions\/120130"}],"wp:featuredmedia":[{"embeddable":true,"href":"https:\/\/corrientesdetarde.com\/index.php\/wp-json\/wp\/v2\/media\/120129"}],"wp:attachment":[{"href":"https:\/\/corrientesdetarde.com\/index.php\/wp-json\/wp\/v2\/media?parent=120128"}],"wp:term":[{"taxonomy":"category","embeddable":true,"href":"https:\/\/corrientesdetarde.com\/index.php\/wp-json\/wp\/v2\/categories?post=120128"},{"taxonomy":"post_tag","embeddable":true,"href":"https:\/\/corrientesdetarde.com\/index.php\/wp-json\/wp\/v2\/tags?post=120128"}],"curies":[{"name":"wp","href":"https:\/\/api.w.org\/{rel}","templated":true}]}}