{"id":120135,"date":"2024-01-22T21:40:17","date_gmt":"2024-01-23T00:40:17","guid":{"rendered":"https:\/\/corrientesdetarde.com\/?p=120135"},"modified":"2024-01-22T21:40:29","modified_gmt":"2024-01-23T00:40:29","slug":"elon-musk-realizo-una-visita-privada-a-auschwitz-birkenau","status":"publish","type":"post","link":"https:\/\/corrientesdetarde.com\/index.php\/internacionales\/elon-musk-realizo-una-visita-privada-a-auschwitz-birkenau\/","title":{"rendered":"Elon Musk realiz\u00f3 una visita privada a Auschwitz-Birkenau"},"content":{"rendered":"\n<p>El empresario sudafricano fue al campo de concentraci\u00f3n junto a Ben Shapiro y un sobreviviente del Holocausto.<\/p>\n\n\n\n<p><strong>Elon Musk\u00a0realiz\u00f3 una visita privada al campo de concentraci\u00f3n nazi de Auschwitz-Birkenau<\/strong>, antes de intervenir en una conferencia sobre el aumento del antisemitismo, despu\u00e9s de que su plataforma de redes sociales X fuera objeto de cr\u00edticas por algunos contenidos.<\/p>\n\n\n\n<p>La Asociaci\u00f3n Jud\u00eda Europea (EJA) dijo que Musk hizo la visita con el presidente de la entidad, el rabino<strong>&nbsp;Menachem Margolin<\/strong>, el periodista conservador estadounidense&nbsp;<strong>Ben Shapiro<\/strong>&nbsp;y el superviviente del Holocausto&nbsp;<strong>Gidon Lev.<\/strong><\/p>\n\n\n\n<p>&#8220;Musk deposit\u00f3 una corona de flores en el muro de la muerte y particip\u00f3 en una breve ceremonia y servicio conmemorativo junto al memorial de Birkenau&#8221;, asegur\u00f3 un portavoz de la EJA.<\/p>\n\n\n\n<p>El multimillonario sudafricano iba a participar m\u00e1s tarde en Cracovia en una conferencia sobre el&nbsp;<strong>aumento del antisemitismo<\/strong>&nbsp;desde que comenz\u00f3 el conflicto entre Israel y Ham\u00e1s en octubre.<\/p>\n\n\n\n<p>X -antes Twitter- fue testigo de c\u00f3mo algunos de sus principales anunciantes suspendieron su inversi\u00f3n desde que Musk describiera a finales del a\u00f1o pasado como<strong>&nbsp;&#8220;la aut\u00e9ntica verdad&#8221;<\/strong>&nbsp;un post publicado en la red social por un usuario que defend\u00eda una teor\u00eda de la conspiraci\u00f3n antisemita.<\/p>\n\n\n\n<p>Un informe del grupo de vigilancia liberalMedia Mattersprovoc\u00f3 la salida de los anunciantes, que plantearon haber encontrado anuncios junto a publicaciones que apoyaban el nazismo. La plataforma present\u00f3 una demanda contra Media Matters por difamaci\u00f3n.<\/p>\n\n\n\n<p>Musk viaj\u00f3 en noviembre a Israel, donde dijo estar en contra del antisemitismo y de todo lo que &#8220;promueva el odio y el conflicto&#8221; y afirm\u00f3 que X no promover\u00eda el discurso del odio. Tambi\u00e9n visit\u00f3 el lugar del asalto de Ham\u00e1s en el pa\u00eds el 7 de octubre.<\/p>\n\n\n\n<p>El Memorial de Auschwitz conserva el emplazamiento del campo de exterminio creado por la Alemania nazi en territorio de la Polonia ocupada durante la Segunda Guerra Mundial. M\u00e1s de 1,1 millones de personas, en su mayor\u00eda jud\u00edos, perecieron all\u00ed en c\u00e1maras de gas o a causa del hambre, el fr\u00edo y las enfermedades.<\/p>\n\n\n\n<p>En agosto del a\u00f1o pasado, el Memorial de Auschwitz critic\u00f3 a la plataforma X por no eliminar un post antisemita en el sitio.<\/p>\n","protected":false},"excerpt":{"rendered":"<p>El empresario sudafricano fue al campo de concentraci\u00f3n junto a Ben Shapiro y un sobreviviente del Holocausto. Elon Musk\u00a0realiz\u00f3 una visita privada al campo de concentraci\u00f3n nazi de Auschwitz-Birkenau, antes&hellip; <\/p>\n","protected":false},"author":4,"featured_media":120136,"comment_status":"closed","ping_status":"open","sticky":false,"template":"","format":"standard","meta":{"footnotes":""},"categories":[11],"tags":[],"class_list":["post-120135","post","type-post","status-publish","format-standard","has-post-thumbnail","hentry","category-internacionales"],"_links":{"self":[{"href":"https:\/\/corrientesdetarde.com\/index.php\/wp-json\/wp\/v2\/posts\/120135","targetHints":{"allow":["GET"]}}],"collection":[{"href":"https:\/\/corrientesdetarde.com\/index.php\/wp-json\/wp\/v2\/posts"}],"about":[{"href":"https:\/\/corrientesdetarde.com\/index.php\/wp-json\/wp\/v2\/types\/post"}],"author":[{"embeddable":true,"href":"https:\/\/corrientesdetarde.com\/index.php\/wp-json\/wp\/v2\/users\/4"}],"replies":[{"embeddable":true,"href":"https:\/\/corrientesdetarde.com\/index.php\/wp-json\/wp\/v2\/comments?post=120135"}],"version-history":[{"count":1,"href":"https:\/\/corrientesdetarde.com\/index.php\/wp-json\/wp\/v2\/posts\/120135\/revisions"}],"predecessor-version":[{"id":120145,"href":"https:\/\/corrientesdetarde.com\/index.php\/wp-json\/wp\/v2\/posts\/120135\/revisions\/120145"}],"wp:featuredmedia":[{"embeddable":true,"href":"https:\/\/corrientesdetarde.com\/index.php\/wp-json\/wp\/v2\/media\/120136"}],"wp:attachment":[{"href":"https:\/\/corrientesdetarde.com\/index.php\/wp-json\/wp\/v2\/media?parent=120135"}],"wp:term":[{"taxonomy":"category","embeddable":true,"href":"https:\/\/corrientesdetarde.com\/index.php\/wp-json\/wp\/v2\/categories?post=120135"},{"taxonomy":"post_tag","embeddable":true,"href":"https:\/\/corrientesdetarde.com\/index.php\/wp-json\/wp\/v2\/tags?post=120135"}],"curies":[{"name":"wp","href":"https:\/\/api.w.org\/{rel}","templated":true}]}}