{"id":120149,"date":"2024-01-22T22:12:51","date_gmt":"2024-01-23T01:12:51","guid":{"rendered":"https:\/\/corrientesdetarde.com\/?p=120149"},"modified":"2024-01-22T22:13:02","modified_gmt":"2024-01-23T01:13:02","slug":"independiente-una-figura-del-ultimo-clasico-de-avellaneda-esta-cerca-de-irse-del-club","status":"publish","type":"post","link":"https:\/\/corrientesdetarde.com\/index.php\/deportes\/independiente-una-figura-del-ultimo-clasico-de-avellaneda-esta-cerca-de-irse-del-club\/","title":{"rendered":"Independiente: una figura del \u00faltimo cl\u00e1sico de Avellaneda est\u00e1 cerca de irse del club"},"content":{"rendered":"\n<p>Un equipo chileno se llevar\u00eda al jugador a pr\u00e9stamo por un a\u00f1o.<\/p>\n\n\n\n<p><strong>El delantero de\u00a0Independiente\u00a0Braian Mart\u00ednez\u00a0est\u00e1 cerca de continuar su carrera en el Colo-Colo de Chile<\/strong>\u00a0que obtendr\u00eda sus servicios a pr\u00e9stamo por un a\u00f1o y con opci\u00f3n de compra.\u00a0<\/p>\n\n\n\n<p>El equipo trasandino, dirigido por el argentino Jorge Almir\u00f3n, est\u00e1 cerca de concretar la&nbsp;<strong>llegada de una de las figuras del \u201cRojo\u201d en el \u00faltimo semestre con Carlos Tevez como entrenador.&nbsp;<\/strong>El chaque\u00f1o de 24 a\u00f1os llegar\u00eda,<strong>&nbsp;a pr\u00e9stamo por una temporada<\/strong>, a uno de los clubes m\u00e1s grandes de Chile.&nbsp;<\/p>\n\n\n\n<p><strong>La opci\u00f3n de compra es lo que se est\u00e1 tratando de pulir en estas horas&nbsp;<\/strong>ya que, el s\u00e1bado,&nbsp;<strong>no convenci\u00f3 en Avellaneda la oferta de un pr\u00e9stamo con una opci\u00f3n de un mill\u00f3n de d\u00f3lares por el 50 por ciento.<\/strong>&nbsp;Este lunes, desde Colo-Colo mejoraron la proposici\u00f3n y ofertaron&nbsp;<strong>una cesi\u00f3n de un a\u00f1o con una opci\u00f3n de 1.5 millones de d\u00f3lares por el mismo porcentaje del pase.&nbsp;<\/strong><\/p>\n\n\n\n<p><strong>Esta \u00faltima oferta parece haber convencido a los dirigentes de Independiente que planean aceptar la oferta y empezar a diagramar la renovaci\u00f3n de contrato del extremo<\/strong>&nbsp;que, en la Copa de la Liga, se convirti\u00f3 en un jugador importante del equipo de Tevez coronando su buen presente en el cl\u00e1sico de Avellaneda en el que el \u201cRojo\u201d venci\u00f3 2-0 a Racing con su gol para definir el partido en el estadio Juan Domingo Per\u00f3n.&nbsp;<\/p>\n\n\n\n<p>En cuanto a una de las zonas m\u00e1s carenciadas de Independiente actualmente como lo es la defensa, el \u201cRojo\u201d busca quedarse con los servicios de&nbsp;<strong>Franco Paredes, zaguero central de River que est\u00e1 a pr\u00e9stamo en Sarmiento de Jun\u00edn<\/strong>. Desde el club de Avellaneda planean ofertar un<strong>&nbsp;resarcimiento econ\u00f3mico al \u201cVerde\u201d y ceder a Juan Manuel Fedorco<\/strong>, defensor proveniente de Nueva Chicago que firmar\u00e1 en las pr\u00f3ximas horas con Independiente, al equipo de Sergio Rondina. &nbsp;<\/p>\n\n\n\n<p>Por su parte, el club de Avellaneda le pag\u00f3 los&nbsp;<strong>400 mil d\u00f3lares que le deb\u00eda al Pescara de Italia por el pase del uruguayo Edgar Elizalde<\/strong>&nbsp;y&nbsp;<strong>levant\u00f3 la inhibici\u00f3n que imped\u00eda habilitar a los seis refuerzos<\/strong>&nbsp;que trajo el \u201cRojo\u201d en este mercado de pases. As\u00ed, las incorporaciones de Independiente<strong>&nbsp;podr\u00e1n estar presentes el viernes en Mendoza ante su hom\u00f3nimo cuyano en su debut en la Copa de la Liga.&nbsp;<\/strong><\/p>\n","protected":false},"excerpt":{"rendered":"<p>Un equipo chileno se llevar\u00eda al jugador a pr\u00e9stamo por un a\u00f1o. El delantero de\u00a0Independiente\u00a0Braian Mart\u00ednez\u00a0est\u00e1 cerca de continuar su carrera en el Colo-Colo de Chile\u00a0que obtendr\u00eda sus servicios a&hellip; <\/p>\n","protected":false},"author":4,"featured_media":120151,"comment_status":"closed","ping_status":"open","sticky":false,"template":"","format":"standard","meta":{"footnotes":""},"categories":[4],"tags":[],"class_list":["post-120149","post","type-post","status-publish","format-standard","has-post-thumbnail","hentry","category-deportes"],"_links":{"self":[{"href":"https:\/\/corrientesdetarde.com\/index.php\/wp-json\/wp\/v2\/posts\/120149","targetHints":{"allow":["GET"]}}],"collection":[{"href":"https:\/\/corrientesdetarde.com\/index.php\/wp-json\/wp\/v2\/posts"}],"about":[{"href":"https:\/\/corrientesdetarde.com\/index.php\/wp-json\/wp\/v2\/types\/post"}],"author":[{"embeddable":true,"href":"https:\/\/corrientesdetarde.com\/index.php\/wp-json\/wp\/v2\/users\/4"}],"replies":[{"embeddable":true,"href":"https:\/\/corrientesdetarde.com\/index.php\/wp-json\/wp\/v2\/comments?post=120149"}],"version-history":[{"count":1,"href":"https:\/\/corrientesdetarde.com\/index.php\/wp-json\/wp\/v2\/posts\/120149\/revisions"}],"predecessor-version":[{"id":120152,"href":"https:\/\/corrientesdetarde.com\/index.php\/wp-json\/wp\/v2\/posts\/120149\/revisions\/120152"}],"wp:featuredmedia":[{"embeddable":true,"href":"https:\/\/corrientesdetarde.com\/index.php\/wp-json\/wp\/v2\/media\/120151"}],"wp:attachment":[{"href":"https:\/\/corrientesdetarde.com\/index.php\/wp-json\/wp\/v2\/media?parent=120149"}],"wp:term":[{"taxonomy":"category","embeddable":true,"href":"https:\/\/corrientesdetarde.com\/index.php\/wp-json\/wp\/v2\/categories?post=120149"},{"taxonomy":"post_tag","embeddable":true,"href":"https:\/\/corrientesdetarde.com\/index.php\/wp-json\/wp\/v2\/tags?post=120149"}],"curies":[{"name":"wp","href":"https:\/\/api.w.org\/{rel}","templated":true}]}}