{"id":120153,"date":"2024-01-22T22:15:24","date_gmt":"2024-01-23T01:15:24","guid":{"rendered":"https:\/\/corrientesdetarde.com\/?p=120153"},"modified":"2024-01-22T22:15:36","modified_gmt":"2024-01-23T01:15:36","slug":"uno-menos-para-diego-martinez-el-jugador-pretendido-por-boca-que-seguira-su-carrera-en-espana","status":"publish","type":"post","link":"https:\/\/corrientesdetarde.com\/index.php\/deportes\/uno-menos-para-diego-martinez-el-jugador-pretendido-por-boca-que-seguira-su-carrera-en-espana\/","title":{"rendered":"Uno menos para Diego Mart\u00ednez: el jugador pretendido por Boca que seguir\u00e1 su carrera en Espa\u00f1a"},"content":{"rendered":"\n<p>El Xeneize hab\u00eda buscado sumarlo como refuerzo, pero finalmente el juvenil vestir\u00e1 la camiseta del Almer\u00eda.<\/p>\n\n\n\n<p><strong>El Almer\u00eda de Espa\u00f1a oficializ\u00f3 este lunes la llegada del futbolista argentino Luka Romero al club, a pr\u00e9stamo desde el Milan de Italia<\/strong>\u00a0y hasta el final de la temporada, luego del\u00a0inter\u00e9s de\u00a0<strong>Boca<\/strong>\u00a0por sumarlo como refuerzo.<\/p>\n\n\n\n<p>Romero, de 19 a\u00f1os, comenz\u00f3 su carrera en las divisiones menores del Mallorca y en la temporada 2021-22 fue fichado por la Lazio, antes de llegar al Milan.<\/p>\n\n\n\n<p><strong>&#8220;Luka Romero se convierte en el segundo fichaje del Almer\u00eda en este mercado de invierno (&#8230;)&nbsp;<\/strong>Se trata de un jugador zurdo de ataque que es polivalente y goza de gran calidad. Llega cedido por el AC Milan hasta el final de la presente campa\u00f1a 2023-2024&#8243;, indic\u00f3 el club almeriense en un comunicado.<\/p>\n\n\n\n<p>La llegada de Romero se dio un d\u00eda despu\u00e9s de que\u00a0Almer\u00eda cayera 3-2 ante el Real Madrid\u00a0en un partido lleno de pol\u00e9micas arbitrales y tras las especulaciones sobre que el futuro del jugador podr\u00eda estar en Boca,\u00a0<strong>dado que el &#8220;Xeneize&#8221; negoci\u00f3 con el Milan con el objetivo de incorporar al futbolista con pasado en las selecciones juveniles de Argentina.<\/strong><\/p>\n","protected":false},"excerpt":{"rendered":"<p>El Xeneize hab\u00eda buscado sumarlo como refuerzo, pero finalmente el juvenil vestir\u00e1 la camiseta del Almer\u00eda. El Almer\u00eda de Espa\u00f1a oficializ\u00f3 este lunes la llegada del futbolista argentino Luka Romero&hellip; <\/p>\n","protected":false},"author":4,"featured_media":120154,"comment_status":"closed","ping_status":"open","sticky":false,"template":"","format":"standard","meta":{"footnotes":""},"categories":[4],"tags":[],"class_list":["post-120153","post","type-post","status-publish","format-standard","has-post-thumbnail","hentry","category-deportes"],"_links":{"self":[{"href":"https:\/\/corrientesdetarde.com\/index.php\/wp-json\/wp\/v2\/posts\/120153","targetHints":{"allow":["GET"]}}],"collection":[{"href":"https:\/\/corrientesdetarde.com\/index.php\/wp-json\/wp\/v2\/posts"}],"about":[{"href":"https:\/\/corrientesdetarde.com\/index.php\/wp-json\/wp\/v2\/types\/post"}],"author":[{"embeddable":true,"href":"https:\/\/corrientesdetarde.com\/index.php\/wp-json\/wp\/v2\/users\/4"}],"replies":[{"embeddable":true,"href":"https:\/\/corrientesdetarde.com\/index.php\/wp-json\/wp\/v2\/comments?post=120153"}],"version-history":[{"count":1,"href":"https:\/\/corrientesdetarde.com\/index.php\/wp-json\/wp\/v2\/posts\/120153\/revisions"}],"predecessor-version":[{"id":120155,"href":"https:\/\/corrientesdetarde.com\/index.php\/wp-json\/wp\/v2\/posts\/120153\/revisions\/120155"}],"wp:featuredmedia":[{"embeddable":true,"href":"https:\/\/corrientesdetarde.com\/index.php\/wp-json\/wp\/v2\/media\/120154"}],"wp:attachment":[{"href":"https:\/\/corrientesdetarde.com\/index.php\/wp-json\/wp\/v2\/media?parent=120153"}],"wp:term":[{"taxonomy":"category","embeddable":true,"href":"https:\/\/corrientesdetarde.com\/index.php\/wp-json\/wp\/v2\/categories?post=120153"},{"taxonomy":"post_tag","embeddable":true,"href":"https:\/\/corrientesdetarde.com\/index.php\/wp-json\/wp\/v2\/tags?post=120153"}],"curies":[{"name":"wp","href":"https:\/\/api.w.org\/{rel}","templated":true}]}}